{"id":32448,"date":"2024-04-25T11:37:33","date_gmt":"2024-04-25T11:37:33","guid":{"rendered":"https:\/\/blogdorogeriogomes.com.br\/noticias\/?p=32448"},"modified":"2024-04-25T11:37:34","modified_gmt":"2024-04-25T11:37:34","slug":"programacao-do-vem-pra-alece-no-domingo-tera-aulao-aberto-ao-publico-e-palestra-socioemocional","status":"publish","type":"post","link":"https:\/\/blogdorogeriogomes.com.br\/noticias\/2024\/04\/programacao-do-vem-pra-alece-no-domingo-tera-aulao-aberto-ao-publico-e-palestra-socioemocional\/","title":{"rendered":"Programa\u00e7\u00e3o do Vem pra Alece no domingo ter\u00e1 aul\u00e3o aberto ao p\u00fablico e palestra socioemocional"},"content":{"rendered":"\n<p>Os alunos que est\u00e3o em prepara\u00e7\u00e3o para fazer provas do Enem e de outros vestibulares poder\u00e3o assistir \u00e0s aulas do programa Alcance Enem dentro da programa\u00e7\u00e3o do 2\u00ba Vem pra Alece. O aul\u00e3o aberto e gratuito acontece no pr\u00f3ximo domingo, dia 28 de abril, a partir das 8 horas, no audit\u00f3rio Jo\u00e3o Frederico Ferreira Gomes, no sexto andar do anexo II da Alece (Edif\u00edcio Deputado Jos\u00e9 Euclides Ferreira Gomes).\u00a0<\/p>\n\n\n\n<p>O aul\u00e3o come\u00e7a com a palestra &#8220;Voc\u00ea sabe estudar?&#8221;, com o professor Orlando Gadelha, psic\u00f3logo formado na Universidade Federal do Cear\u00e1 (UFC), p\u00f3s-graduado em Avalia\u00e7\u00e3o Psicol\u00f3gica no \u00c2mbito Educacional e servidor da Alece. O momento \u00e9 uma iniciativa da a\u00e7\u00e3o Alcance Socioemocional, bra\u00e7o do Alcance voltado para resgatar a autoestima e potencializar habilidades de aprendizagem, preparando os alunos para os desafios do Enem e outros vestibulares.\u00a0<\/p>\n\n\n\n<p>A 2\u00aa edi\u00e7\u00e3o do Vem pra Alece acontece no pr\u00f3ximo domingo, das 8 \u00e0s 13 horas, nas depend\u00eancias da Assembleia Legislativa do Estado do Cear\u00e1 (Alece) e nas ruas do entorno, no bairro Dion\u00edsio Torres. Ser\u00e1 uma manh\u00e3 com variedade de atra\u00e7\u00f5es, incluindo oito tendas tem\u00e1ticas, visitas guiadas, exposi\u00e7\u00f5es, al\u00e9m de espa\u00e7o cultural e gastron\u00f4mico.\u00a0<\/p>\n\n\n\n<figure class=\"wp-block-image size-large\"><img loading=\"lazy\" decoding=\"async\" width=\"1024\" height=\"683\" src=\"https:\/\/blogdorogeriogomes.com.br\/noticias\/wp-content\/uploads\/2024\/04\/14-03-2023-Aula-Inaugural-Projeto-ALCANCE-Foto-Marcos-Moura-12--1024x683.jpg\" alt=\"\" class=\"wp-image-32450\" srcset=\"https:\/\/blogdorogeriogomes.com.br\/noticias\/wp-content\/uploads\/2024\/04\/14-03-2023-Aula-Inaugural-Projeto-ALCANCE-Foto-Marcos-Moura-12--1024x683.jpg 1024w, https:\/\/blogdorogeriogomes.com.br\/noticias\/wp-content\/uploads\/2024\/04\/14-03-2023-Aula-Inaugural-Projeto-ALCANCE-Foto-Marcos-Moura-12--300x200.jpg 300w, https:\/\/blogdorogeriogomes.com.br\/noticias\/wp-content\/uploads\/2024\/04\/14-03-2023-Aula-Inaugural-Projeto-ALCANCE-Foto-Marcos-Moura-12--768x512.jpg 768w, https:\/\/blogdorogeriogomes.com.br\/noticias\/wp-content\/uploads\/2024\/04\/14-03-2023-Aula-Inaugural-Projeto-ALCANCE-Foto-Marcos-Moura-12--1536x1024.jpg 1536w, https:\/\/blogdorogeriogomes.com.br\/noticias\/wp-content\/uploads\/2024\/04\/14-03-2023-Aula-Inaugural-Projeto-ALCANCE-Foto-Marcos-Moura-12--800x534.jpg 800w, https:\/\/blogdorogeriogomes.com.br\/noticias\/wp-content\/uploads\/2024\/04\/14-03-2023-Aula-Inaugural-Projeto-ALCANCE-Foto-Marcos-Moura-12-.jpg 1600w\" sizes=\"auto, (max-width: 1024px) 100vw, 1024px\" \/><\/figure>\n","protected":false},"excerpt":{"rendered":"<p>Os alunos que est\u00e3o em prepara\u00e7\u00e3o para fazer provas do Enem e de outros vestibulares poder\u00e3o assistir \u00e0s aulas do programa Alcance Enem dentro da programa\u00e7\u00e3o do 2\u00ba Vem pra Alece. O aul\u00e3o aberto e gratuito acontece no pr\u00f3ximo domingo, dia 28 de abril, a partir das 8 horas, no audit\u00f3rio Jo\u00e3o Frederico Ferreira Gomes, no sexto andar do anexo II da Alece (Edif\u00edcio Deputado Jos\u00e9 Euclides Ferreira Gomes).\u00a0 O aul\u00e3o come\u00e7a com a palestra &#8220;Voc\u00ea sabe estudar?&#8221;, com&hellip;<\/p>\n","protected":false},"author":1,"featured_media":32450,"comment_status":"open","ping_status":"open","sticky":false,"template":"","format":"standard","meta":{"footnotes":""},"categories":[1],"tags":[],"class_list":["post-32448","post","type-post","status-publish","format-standard","has-post-thumbnail","hentry","category-noticias"],"_links":{"self":[{"href":"https:\/\/blogdorogeriogomes.com.br\/noticias\/wp-json\/wp\/v2\/posts\/32448","targetHints":{"allow":["GET"]}}],"collection":[{"href":"https:\/\/blogdorogeriogomes.com.br\/noticias\/wp-json\/wp\/v2\/posts"}],"about":[{"href":"https:\/\/blogdorogeriogomes.com.br\/noticias\/wp-json\/wp\/v2\/types\/post"}],"author":[{"embeddable":true,"href":"https:\/\/blogdorogeriogomes.com.br\/noticias\/wp-json\/wp\/v2\/users\/1"}],"replies":[{"embeddable":true,"href":"https:\/\/blogdorogeriogomes.com.br\/noticias\/wp-json\/wp\/v2\/comments?post=32448"}],"version-history":[{"count":1,"href":"https:\/\/blogdorogeriogomes.com.br\/noticias\/wp-json\/wp\/v2\/posts\/32448\/revisions"}],"predecessor-version":[{"id":32451,"href":"https:\/\/blogdorogeriogomes.com.br\/noticias\/wp-json\/wp\/v2\/posts\/32448\/revisions\/32451"}],"wp:featuredmedia":[{"embeddable":true,"href":"https:\/\/blogdorogeriogomes.com.br\/noticias\/wp-json\/wp\/v2\/media\/32450"}],"wp:attachment":[{"href":"https:\/\/blogdorogeriogomes.com.br\/noticias\/wp-json\/wp\/v2\/media?parent=32448"}],"wp:term":[{"taxonomy":"category","embeddable":true,"href":"https:\/\/blogdorogeriogomes.com.br\/noticias\/wp-json\/wp\/v2\/categories?post=32448"},{"taxonomy":"post_tag","embeddable":true,"href":"https:\/\/blogdorogeriogomes.com.br\/noticias\/wp-json\/wp\/v2\/tags?post=32448"}],"curies":[{"name":"wp","href":"https:\/\/api.w.org\/{rel}","templated":true}]}}