{"id":32453,"date":"2024-04-25T23:50:06","date_gmt":"2024-04-25T23:50:06","guid":{"rendered":"https:\/\/blogdorogeriogomes.com.br\/noticias\/?p=32453"},"modified":"2024-04-25T23:50:06","modified_gmt":"2024-04-25T23:50:06","slug":"fortaleza-e-mais-tres-municipios-do-ceara-vao-receber-doses-da-vacina-contra-a-dengue-nesta-sexta-feira","status":"publish","type":"post","link":"https:\/\/blogdorogeriogomes.com.br\/noticias\/2024\/04\/fortaleza-e-mais-tres-municipios-do-ceara-vao-receber-doses-da-vacina-contra-a-dengue-nesta-sexta-feira\/","title":{"rendered":"Fortaleza e mais tr\u00eas munic\u00edpios do Cear\u00e1 v\u00e3o receber doses da vacina contra a dengue nesta sexta-feira"},"content":{"rendered":"\n<p>Fortaleza e mais tr\u00eas munic\u00edpios cearenses v\u00e3o receber nesta sexta-feira, dia 26 de abril, as primeiras doses da vacina contra a dengue, enviadas pelo Minist\u00e9rio da Sa\u00fade. Al\u00e9m de Fortaleza, as cidades de Aquiraz, Eus\u00e9bio e Itaitinga, todas na regi\u00e3o metropolitana da capital, receber\u00e3o doses do imunizante.<\/p>\n\n\n\n<p>O Cear\u00e1 vai receber 169.513 doses da vacina. Elas ser\u00e3o distribu\u00eddas da seguinte maneira: Fortaleza: 154.376; Eus\u00e9bio: 5.641; Aquiraz: 5.428; e Itaitinga: 4.068.<br>A distribui\u00e7\u00e3o da vacina contra a dengue no Brasil teve in\u00edcio no m\u00eas de fevereiro, em meio a um recorde de casos da doen\u00e7a e de mortes em decorr\u00eancia dela. Inicialmente, 16 estados e o Distrito Federal receberam o imunizante, mas o Cear\u00e1 n\u00e3o estava entre os contemplados por conta da baixo n\u00famero de casos de dengue no estado.<\/p>\n\n\n\n<figure class=\"wp-block-image size-full\"><img loading=\"lazy\" decoding=\"async\" width=\"739\" height=\"415\" src=\"https:\/\/blogdorogeriogomes.com.br\/noticias\/wp-content\/uploads\/2024\/04\/images-90.jpeg\" alt=\"\" class=\"wp-image-32454\" srcset=\"https:\/\/blogdorogeriogomes.com.br\/noticias\/wp-content\/uploads\/2024\/04\/images-90.jpeg 739w, https:\/\/blogdorogeriogomes.com.br\/noticias\/wp-content\/uploads\/2024\/04\/images-90-300x168.jpeg 300w\" sizes=\"auto, (max-width: 739px) 100vw, 739px\" \/><\/figure>\n","protected":false},"excerpt":{"rendered":"<p>Fortaleza e mais tr\u00eas munic\u00edpios cearenses v\u00e3o receber nesta sexta-feira, dia 26 de abril, as primeiras doses da vacina contra a dengue, enviadas pelo Minist\u00e9rio da Sa\u00fade. Al\u00e9m de Fortaleza, as cidades de Aquiraz, Eus\u00e9bio e Itaitinga, todas na regi\u00e3o metropolitana da capital, receber\u00e3o doses do imunizante. O Cear\u00e1 vai receber 169.513 doses da vacina. Elas ser\u00e3o distribu\u00eddas da seguinte maneira: Fortaleza: 154.376; Eus\u00e9bio: 5.641; Aquiraz: 5.428; e Itaitinga: 4.068.A distribui\u00e7\u00e3o da vacina contra a dengue no Brasil teve&hellip;<\/p>\n","protected":false},"author":1,"featured_media":32454,"comment_status":"open","ping_status":"open","sticky":false,"template":"","format":"standard","meta":{"footnotes":""},"categories":[1],"tags":[],"class_list":["post-32453","post","type-post","status-publish","format-standard","has-post-thumbnail","hentry","category-noticias"],"_links":{"self":[{"href":"https:\/\/blogdorogeriogomes.com.br\/noticias\/wp-json\/wp\/v2\/posts\/32453","targetHints":{"allow":["GET"]}}],"collection":[{"href":"https:\/\/blogdorogeriogomes.com.br\/noticias\/wp-json\/wp\/v2\/posts"}],"about":[{"href":"https:\/\/blogdorogeriogomes.com.br\/noticias\/wp-json\/wp\/v2\/types\/post"}],"author":[{"embeddable":true,"href":"https:\/\/blogdorogeriogomes.com.br\/noticias\/wp-json\/wp\/v2\/users\/1"}],"replies":[{"embeddable":true,"href":"https:\/\/blogdorogeriogomes.com.br\/noticias\/wp-json\/wp\/v2\/comments?post=32453"}],"version-history":[{"count":1,"href":"https:\/\/blogdorogeriogomes.com.br\/noticias\/wp-json\/wp\/v2\/posts\/32453\/revisions"}],"predecessor-version":[{"id":32455,"href":"https:\/\/blogdorogeriogomes.com.br\/noticias\/wp-json\/wp\/v2\/posts\/32453\/revisions\/32455"}],"wp:featuredmedia":[{"embeddable":true,"href":"https:\/\/blogdorogeriogomes.com.br\/noticias\/wp-json\/wp\/v2\/media\/32454"}],"wp:attachment":[{"href":"https:\/\/blogdorogeriogomes.com.br\/noticias\/wp-json\/wp\/v2\/media?parent=32453"}],"wp:term":[{"taxonomy":"category","embeddable":true,"href":"https:\/\/blogdorogeriogomes.com.br\/noticias\/wp-json\/wp\/v2\/categories?post=32453"},{"taxonomy":"post_tag","embeddable":true,"href":"https:\/\/blogdorogeriogomes.com.br\/noticias\/wp-json\/wp\/v2\/tags?post=32453"}],"curies":[{"name":"wp","href":"https:\/\/api.w.org\/{rel}","templated":true}]}}