{"id":32456,"date":"2024-04-26T00:04:11","date_gmt":"2024-04-26T00:04:11","guid":{"rendered":"https:\/\/blogdorogeriogomes.com.br\/noticias\/?p=32456"},"modified":"2024-04-26T00:04:12","modified_gmt":"2024-04-26T00:04:12","slug":"ministro-camilo-santana-e-agraciado-com-titulo-doutor-honoris-causa-da-universidade-federal-de-lavras-em-minas-gerais","status":"publish","type":"post","link":"https:\/\/blogdorogeriogomes.com.br\/noticias\/2024\/04\/ministro-camilo-santana-e-agraciado-com-titulo-doutor-honoris-causa-da-universidade-federal-de-lavras-em-minas-gerais\/","title":{"rendered":"Ministro Camilo Santana \u00e9 agraciado com t\u00edtulo Doutor Honoris Causa da Universidade Federal de Lavras em Minas Gerais"},"content":{"rendered":"\n<p>O ministro da Educa\u00e7\u00e3o, Camilo Santana (PT), recebeu nesta quinta-feira, dia 25 de abril, o t\u00edtulo Doutor Honoris Causa, da Universidade Federal de Lavras (UFLA), de Minas Gerais. O t\u00edtulo \u00e9 uma forma de reconhecer pessoas que serviram de exemplo para as universidades e para a sociedade.<\/p>\n\n\n\n<p>&#8220;Com respeito e humildade, agrade\u00e7o a Universidade Federal de Lavras (UFLA) pela honra de ter sido agraciado, na manh\u00e3 de hoje, com o t\u00edtulo de Doutor Honoris Causa da institui\u00e7\u00e3o, concedido a pessoas que contribuem significativamente com a educa\u00e7\u00e3o brasileira. \u00c9 um reconhecimento que me honra e, como servidor p\u00fablico e tamb\u00e9m como ministro de Estado da Educa\u00e7\u00e3o, me encoraja a trabalhar cada vez mais pelo desenvolvimento do nosso pa\u00eds. O t\u00edtulo \u00e9 um lembrete poderoso da responsabilidade e do compromisso que tenho assumido com o povo brasileiro ao longo de minha vida p\u00fablica&#8221;, ressaltou o ministro.<\/p>\n\n\n\n<figure class=\"wp-block-image size-large\"><img loading=\"lazy\" decoding=\"async\" width=\"1024\" height=\"682\" src=\"https:\/\/blogdorogeriogomes.com.br\/noticias\/wp-content\/uploads\/2024\/04\/IMG-20240425-WA0158-1024x682.jpg\" alt=\"\" class=\"wp-image-32457\" srcset=\"https:\/\/blogdorogeriogomes.com.br\/noticias\/wp-content\/uploads\/2024\/04\/IMG-20240425-WA0158-1024x682.jpg 1024w, https:\/\/blogdorogeriogomes.com.br\/noticias\/wp-content\/uploads\/2024\/04\/IMG-20240425-WA0158-300x200.jpg 300w, https:\/\/blogdorogeriogomes.com.br\/noticias\/wp-content\/uploads\/2024\/04\/IMG-20240425-WA0158-768x512.jpg 768w, https:\/\/blogdorogeriogomes.com.br\/noticias\/wp-content\/uploads\/2024\/04\/IMG-20240425-WA0158-800x533.jpg 800w, https:\/\/blogdorogeriogomes.com.br\/noticias\/wp-content\/uploads\/2024\/04\/IMG-20240425-WA0158.jpg 1394w\" sizes=\"auto, (max-width: 1024px) 100vw, 1024px\" \/><\/figure>\n","protected":false},"excerpt":{"rendered":"<p>O ministro da Educa\u00e7\u00e3o, Camilo Santana (PT), recebeu nesta quinta-feira, dia 25 de abril, o t\u00edtulo Doutor Honoris Causa, da Universidade Federal de Lavras (UFLA), de Minas Gerais. O t\u00edtulo \u00e9 uma forma de reconhecer pessoas que serviram de exemplo para as universidades e para a sociedade. &#8220;Com respeito e humildade, agrade\u00e7o a Universidade Federal de Lavras (UFLA) pela honra de ter sido agraciado, na manh\u00e3 de hoje, com o t\u00edtulo de Doutor Honoris Causa da institui\u00e7\u00e3o, concedido a&hellip;<\/p>\n","protected":false},"author":1,"featured_media":32457,"comment_status":"open","ping_status":"open","sticky":false,"template":"","format":"standard","meta":{"footnotes":""},"categories":[1],"tags":[],"class_list":["post-32456","post","type-post","status-publish","format-standard","has-post-thumbnail","hentry","category-noticias"],"_links":{"self":[{"href":"https:\/\/blogdorogeriogomes.com.br\/noticias\/wp-json\/wp\/v2\/posts\/32456","targetHints":{"allow":["GET"]}}],"collection":[{"href":"https:\/\/blogdorogeriogomes.com.br\/noticias\/wp-json\/wp\/v2\/posts"}],"about":[{"href":"https:\/\/blogdorogeriogomes.com.br\/noticias\/wp-json\/wp\/v2\/types\/post"}],"author":[{"embeddable":true,"href":"https:\/\/blogdorogeriogomes.com.br\/noticias\/wp-json\/wp\/v2\/users\/1"}],"replies":[{"embeddable":true,"href":"https:\/\/blogdorogeriogomes.com.br\/noticias\/wp-json\/wp\/v2\/comments?post=32456"}],"version-history":[{"count":1,"href":"https:\/\/blogdorogeriogomes.com.br\/noticias\/wp-json\/wp\/v2\/posts\/32456\/revisions"}],"predecessor-version":[{"id":32458,"href":"https:\/\/blogdorogeriogomes.com.br\/noticias\/wp-json\/wp\/v2\/posts\/32456\/revisions\/32458"}],"wp:featuredmedia":[{"embeddable":true,"href":"https:\/\/blogdorogeriogomes.com.br\/noticias\/wp-json\/wp\/v2\/media\/32457"}],"wp:attachment":[{"href":"https:\/\/blogdorogeriogomes.com.br\/noticias\/wp-json\/wp\/v2\/media?parent=32456"}],"wp:term":[{"taxonomy":"category","embeddable":true,"href":"https:\/\/blogdorogeriogomes.com.br\/noticias\/wp-json\/wp\/v2\/categories?post=32456"},{"taxonomy":"post_tag","embeddable":true,"href":"https:\/\/blogdorogeriogomes.com.br\/noticias\/wp-json\/wp\/v2\/tags?post=32456"}],"curies":[{"name":"wp","href":"https:\/\/api.w.org\/{rel}","templated":true}]}}