{"id":32459,"date":"2024-04-26T10:32:00","date_gmt":"2024-04-26T10:32:00","guid":{"rendered":"https:\/\/blogdorogeriogomes.com.br\/noticias\/?p=32459"},"modified":"2024-04-26T10:32:00","modified_gmt":"2024-04-26T10:32:00","slug":"estado-anuncia-pacto-pela-cultura-e-pacote-de-investimentos-para-o-setor-no-ceara-nesta-sexta-feira","status":"publish","type":"post","link":"https:\/\/blogdorogeriogomes.com.br\/noticias\/2024\/04\/estado-anuncia-pacto-pela-cultura-e-pacote-de-investimentos-para-o-setor-no-ceara-nesta-sexta-feira\/","title":{"rendered":"Estado anuncia Pacto pela Cultura e pacote de investimentos para o setor no Cear\u00e1 nesta sexta-feira"},"content":{"rendered":"\n<p>Prefeitos, gestores municipais, dirigentes, pesquisadores e diversas entidades culturais participam, nesta sexta-feira, dia 26 de abril, no Theatro Jos\u00e9 de Alencar, em Fortaleza, do Pacto pela Cultura. Na ocasi\u00e3o, o Governo do Cear\u00e1 far\u00e1 o an\u00fancio de um pacote de investimentos para o setor. A atividade contar\u00e1 com a presen\u00e7a do governador do Cear\u00e1, Elmano de Freitas, da secret\u00e1ria da Cultura, Luisa Cela, e do secret\u00e1rio Executivo do Minist\u00e9rio da Cultura (Minc), M\u00e1rcio Tavares.<\/p>\n\n\n\n<p>A solenidade tamb\u00e9m marca o encerramento do 3\u00ba Encontro de Dirigentes Municipais da Cultura, que ocorre entre os dias 25 e 26 de abril na cidade de Fortaleza. Um momento de pactua\u00e7\u00e3o de compet\u00eancia, colabora\u00e7\u00e3o e gest\u00e3o conjunta dos entes federativos, que conta com o lan\u00e7amento do Novo Programa de Fortalecimento do Sistema Estadual da Cultura (ProSiec) e busca avan\u00e7ar na integra\u00e7\u00e3o de pol\u00edticas junto aos governos municipais, al\u00e9m de aprimorar as rela\u00e7\u00f5es federativas na gest\u00e3o p\u00fablica de cultura.<\/p>\n\n\n\n<figure class=\"wp-block-image size-full\"><img loading=\"lazy\" decoding=\"async\" width=\"696\" height=\"441\" src=\"https:\/\/blogdorogeriogomes.com.br\/noticias\/wp-content\/uploads\/2024\/04\/images-91.jpeg\" alt=\"\" class=\"wp-image-32460\" srcset=\"https:\/\/blogdorogeriogomes.com.br\/noticias\/wp-content\/uploads\/2024\/04\/images-91.jpeg 696w, https:\/\/blogdorogeriogomes.com.br\/noticias\/wp-content\/uploads\/2024\/04\/images-91-300x190.jpeg 300w, https:\/\/blogdorogeriogomes.com.br\/noticias\/wp-content\/uploads\/2024\/04\/images-91-320x202.jpeg 320w\" sizes=\"auto, (max-width: 696px) 100vw, 696px\" \/><\/figure>\n","protected":false},"excerpt":{"rendered":"<p>Prefeitos, gestores municipais, dirigentes, pesquisadores e diversas entidades culturais participam, nesta sexta-feira, dia 26 de abril, no Theatro Jos\u00e9 de Alencar, em Fortaleza, do Pacto pela Cultura. Na ocasi\u00e3o, o Governo do Cear\u00e1 far\u00e1 o an\u00fancio de um pacote de investimentos para o setor. A atividade contar\u00e1 com a presen\u00e7a do governador do Cear\u00e1, Elmano de Freitas, da secret\u00e1ria da Cultura, Luisa Cela, e do secret\u00e1rio Executivo do Minist\u00e9rio da Cultura (Minc), M\u00e1rcio Tavares. A solenidade tamb\u00e9m marca o&hellip;<\/p>\n","protected":false},"author":1,"featured_media":32460,"comment_status":"open","ping_status":"open","sticky":false,"template":"","format":"standard","meta":{"footnotes":""},"categories":[1],"tags":[],"class_list":["post-32459","post","type-post","status-publish","format-standard","has-post-thumbnail","hentry","category-noticias"],"_links":{"self":[{"href":"https:\/\/blogdorogeriogomes.com.br\/noticias\/wp-json\/wp\/v2\/posts\/32459","targetHints":{"allow":["GET"]}}],"collection":[{"href":"https:\/\/blogdorogeriogomes.com.br\/noticias\/wp-json\/wp\/v2\/posts"}],"about":[{"href":"https:\/\/blogdorogeriogomes.com.br\/noticias\/wp-json\/wp\/v2\/types\/post"}],"author":[{"embeddable":true,"href":"https:\/\/blogdorogeriogomes.com.br\/noticias\/wp-json\/wp\/v2\/users\/1"}],"replies":[{"embeddable":true,"href":"https:\/\/blogdorogeriogomes.com.br\/noticias\/wp-json\/wp\/v2\/comments?post=32459"}],"version-history":[{"count":1,"href":"https:\/\/blogdorogeriogomes.com.br\/noticias\/wp-json\/wp\/v2\/posts\/32459\/revisions"}],"predecessor-version":[{"id":32461,"href":"https:\/\/blogdorogeriogomes.com.br\/noticias\/wp-json\/wp\/v2\/posts\/32459\/revisions\/32461"}],"wp:featuredmedia":[{"embeddable":true,"href":"https:\/\/blogdorogeriogomes.com.br\/noticias\/wp-json\/wp\/v2\/media\/32460"}],"wp:attachment":[{"href":"https:\/\/blogdorogeriogomes.com.br\/noticias\/wp-json\/wp\/v2\/media?parent=32459"}],"wp:term":[{"taxonomy":"category","embeddable":true,"href":"https:\/\/blogdorogeriogomes.com.br\/noticias\/wp-json\/wp\/v2\/categories?post=32459"},{"taxonomy":"post_tag","embeddable":true,"href":"https:\/\/blogdorogeriogomes.com.br\/noticias\/wp-json\/wp\/v2\/tags?post=32459"}],"curies":[{"name":"wp","href":"https:\/\/api.w.org\/{rel}","templated":true}]}}