{"id":32465,"date":"2024-04-29T10:31:25","date_gmt":"2024-04-29T10:31:25","guid":{"rendered":"https:\/\/blogdorogeriogomes.com.br\/noticias\/?p=32465"},"modified":"2024-04-29T10:33:32","modified_gmt":"2024-04-29T10:33:32","slug":"congressistas-brasileiros-desembarcam-nesta-segunda-feira-nos-eua-para-criar-uma-frente-internacional-em-defesa-da-democracia","status":"publish","type":"post","link":"https:\/\/blogdorogeriogomes.com.br\/noticias\/2024\/04\/congressistas-brasileiros-desembarcam-nesta-segunda-feira-nos-eua-para-criar-uma-frente-internacional-em-defesa-da-democracia\/","title":{"rendered":"Congressistas brasileiros desembarcam nesta segunda-feira nos EUA para criar uma frente internacional em defesa da Democracia"},"content":{"rendered":"\n<p>Congressistas brasileiros desembarcam nesta segunda-feira, dia 29 de abril, em Washington, nos Estados Unidos, para fundar uma frente internacional em defesa democracia. A iniciativa partiu de parlamentares estadunidenses que participaram da investiga\u00e7\u00e3o da invas\u00e3o ao Capit\u00f3lio.<\/p>\n\n\n\n<p>Integram a comitiva a senadora Eliziane Gama (PSD-MA), relatora da CPMI dos Atos Antidemocr\u00e1ticos no Brasil, o senador Humberto Costa (PT-PE) e os deputados Pastor Henrique Vieira (PSol-RJ), Rog\u00e9rio Correia (PT-MG), Jandira Feghali (PC do B-RJ) e Rafael Brito (MDB-AL).<\/p>\n\n\n\n<p>A comitiva suprapartid\u00e1ria de parlamentares brasileiros que participaram da CPMI dos Atos Antidemocr\u00e1ticos inicia uma s\u00e9rie de agendas em Washington, a convite dos deputados da CPI do 6 de Janeiro de 2021, dia do ataque ao Capit\u00f3lio. Os parlamentares ter\u00e3o agendas marcadas com Jamie Raskin, que presidiu a CPI norte-americana, com o democrata Bernie Sanders, a Comiss\u00e3o de Direitos Humanos da OEA e movimentos sociais.<\/p>\n\n\n\n<figure class=\"wp-block-image size-full\"><img loading=\"lazy\" decoding=\"async\" width=\"960\" height=\"720\" src=\"https:\/\/blogdorogeriogomes.com.br\/noticias\/wp-content\/uploads\/2024\/04\/comissao-eua-janeiro.jpg\" alt=\"\" class=\"wp-image-32466\" srcset=\"https:\/\/blogdorogeriogomes.com.br\/noticias\/wp-content\/uploads\/2024\/04\/comissao-eua-janeiro.jpg 960w, https:\/\/blogdorogeriogomes.com.br\/noticias\/wp-content\/uploads\/2024\/04\/comissao-eua-janeiro-300x225.jpg 300w, https:\/\/blogdorogeriogomes.com.br\/noticias\/wp-content\/uploads\/2024\/04\/comissao-eua-janeiro-768x576.jpg 768w, https:\/\/blogdorogeriogomes.com.br\/noticias\/wp-content\/uploads\/2024\/04\/comissao-eua-janeiro-800x600.jpg 800w, https:\/\/blogdorogeriogomes.com.br\/noticias\/wp-content\/uploads\/2024\/04\/comissao-eua-janeiro-400x300.jpg 400w\" sizes=\"auto, (max-width: 960px) 100vw, 960px\" \/><\/figure>\n","protected":false},"excerpt":{"rendered":"<p>Congressistas brasileiros desembarcam nesta segunda-feira, dia 29 de abril, em Washington, nos Estados Unidos, para fundar uma frente internacional em defesa democracia. A iniciativa partiu de parlamentares estadunidenses que participaram da investiga\u00e7\u00e3o da invas\u00e3o ao Capit\u00f3lio. Integram a comitiva a senadora Eliziane Gama (PSD-MA), relatora da CPMI dos Atos Antidemocr\u00e1ticos no Brasil, o senador Humberto Costa (PT-PE) e os deputados Pastor Henrique Vieira (PSol-RJ), Rog\u00e9rio Correia (PT-MG), Jandira Feghali (PC do B-RJ) e Rafael Brito (MDB-AL). A comitiva suprapartid\u00e1ria&hellip;<\/p>\n","protected":false},"author":1,"featured_media":32466,"comment_status":"open","ping_status":"open","sticky":false,"template":"","format":"standard","meta":{"footnotes":""},"categories":[1],"tags":[],"class_list":["post-32465","post","type-post","status-publish","format-standard","has-post-thumbnail","hentry","category-noticias"],"_links":{"self":[{"href":"https:\/\/blogdorogeriogomes.com.br\/noticias\/wp-json\/wp\/v2\/posts\/32465","targetHints":{"allow":["GET"]}}],"collection":[{"href":"https:\/\/blogdorogeriogomes.com.br\/noticias\/wp-json\/wp\/v2\/posts"}],"about":[{"href":"https:\/\/blogdorogeriogomes.com.br\/noticias\/wp-json\/wp\/v2\/types\/post"}],"author":[{"embeddable":true,"href":"https:\/\/blogdorogeriogomes.com.br\/noticias\/wp-json\/wp\/v2\/users\/1"}],"replies":[{"embeddable":true,"href":"https:\/\/blogdorogeriogomes.com.br\/noticias\/wp-json\/wp\/v2\/comments?post=32465"}],"version-history":[{"count":2,"href":"https:\/\/blogdorogeriogomes.com.br\/noticias\/wp-json\/wp\/v2\/posts\/32465\/revisions"}],"predecessor-version":[{"id":32468,"href":"https:\/\/blogdorogeriogomes.com.br\/noticias\/wp-json\/wp\/v2\/posts\/32465\/revisions\/32468"}],"wp:featuredmedia":[{"embeddable":true,"href":"https:\/\/blogdorogeriogomes.com.br\/noticias\/wp-json\/wp\/v2\/media\/32466"}],"wp:attachment":[{"href":"https:\/\/blogdorogeriogomes.com.br\/noticias\/wp-json\/wp\/v2\/media?parent=32465"}],"wp:term":[{"taxonomy":"category","embeddable":true,"href":"https:\/\/blogdorogeriogomes.com.br\/noticias\/wp-json\/wp\/v2\/categories?post=32465"},{"taxonomy":"post_tag","embeddable":true,"href":"https:\/\/blogdorogeriogomes.com.br\/noticias\/wp-json\/wp\/v2\/tags?post=32465"}],"curies":[{"name":"wp","href":"https:\/\/api.w.org\/{rel}","templated":true}]}}