{"id":32469,"date":"2024-04-29T10:48:55","date_gmt":"2024-04-29T10:48:55","guid":{"rendered":"https:\/\/blogdorogeriogomes.com.br\/noticias\/?p=32469"},"modified":"2024-04-29T10:48:56","modified_gmt":"2024-04-29T10:48:56","slug":"fim-de-semana-tragico-no-interior-vereador-de-camocim-e-assassinado-e-vice-prefeito-de-paraipaba-morre-afogado","status":"publish","type":"post","link":"https:\/\/blogdorogeriogomes.com.br\/noticias\/2024\/04\/fim-de-semana-tragico-no-interior-vereador-de-camocim-e-assassinado-e-vice-prefeito-de-paraipaba-morre-afogado\/","title":{"rendered":"Fim de semana tr\u00e1gico no interior. Vereador de Camocim \u00e9 assassinado e vice-prefeito de Paraipaba morre afogado"},"content":{"rendered":"\n<p>O fim de semana foi tr\u00e1gico envolvendo dois pol\u00edticos cearenses no interior do Estado. O vereador de Camocim, C\u00e9sar Veras, morreu neste domingo, dia 28 de abril, ap\u00f3s ser esfaqueado por um gar\u00e7om em restaurante no litoral de Camocim no in\u00edcio da tarde.\u00a0O parlamentar, que presidiu a C\u00e2mara na cidade, foi esfaqueado no pesco\u00e7o, na presen\u00e7a da esposa e da filha.\u00a0Um empres\u00e1rio e um cliente tamb\u00e9m foram esfaqueados, mas sobreviveram. O acusado do assassinato Antony Charlan Rocha, de 34 anos, foi preso em flagrante pela Pol\u00edcia. C\u00e9sar Veras era ex-presidente da Uni\u00e3o dos Vereadores e C\u00e2maras do Cear\u00e1 (UVC).<\/p>\n\n\n\n<p>J\u00e1 o vice-prefeito da cidade de Paraipaba, Aldemir Garcia dos Santos, de 40 anos, morreu na manh\u00e3 do s\u00e1bado, dia 27, v\u00edtima de afogamento enquanto praticava caiaque no Rio Curu. Garcia realizava uma travessia de caiaque no intuito de incentivar o esporte na regi\u00e3o, em meio as fortes chuvas dos \u00faltimos dois meses.<\/p>\n\n\n\n<figure class=\"wp-block-image size-full\"><img loading=\"lazy\" decoding=\"async\" width=\"506\" height=\"360\" src=\"https:\/\/blogdorogeriogomes.com.br\/noticias\/wp-content\/uploads\/2024\/04\/1_whatsapp_image_2024_04_28_at_20_10_48-26687339.jpeg\" alt=\"\" class=\"wp-image-32470\" srcset=\"https:\/\/blogdorogeriogomes.com.br\/noticias\/wp-content\/uploads\/2024\/04\/1_whatsapp_image_2024_04_28_at_20_10_48-26687339.jpeg 506w, https:\/\/blogdorogeriogomes.com.br\/noticias\/wp-content\/uploads\/2024\/04\/1_whatsapp_image_2024_04_28_at_20_10_48-26687339-300x213.jpeg 300w\" sizes=\"auto, (max-width: 506px) 100vw, 506px\" \/><\/figure>\n\n\n\n<figure class=\"wp-block-image size-full\"><img loading=\"lazy\" decoding=\"async\" width=\"750\" height=\"500\" src=\"https:\/\/blogdorogeriogomes.com.br\/noticias\/wp-content\/uploads\/2024\/04\/1_design_sem_nome__2___1_-26677632.png\" alt=\"\" class=\"wp-image-32471\" srcset=\"https:\/\/blogdorogeriogomes.com.br\/noticias\/wp-content\/uploads\/2024\/04\/1_design_sem_nome__2___1_-26677632.png 750w, https:\/\/blogdorogeriogomes.com.br\/noticias\/wp-content\/uploads\/2024\/04\/1_design_sem_nome__2___1_-26677632-300x200.png 300w\" sizes=\"auto, (max-width: 750px) 100vw, 750px\" \/><\/figure>\n","protected":false},"excerpt":{"rendered":"<p>O fim de semana foi tr\u00e1gico envolvendo dois pol\u00edticos cearenses no interior do Estado. O vereador de Camocim, C\u00e9sar Veras, morreu neste domingo, dia 28 de abril, ap\u00f3s ser esfaqueado por um gar\u00e7om em restaurante no litoral de Camocim no in\u00edcio da tarde.\u00a0O parlamentar, que presidiu a C\u00e2mara na cidade, foi esfaqueado no pesco\u00e7o, na presen\u00e7a da esposa e da filha.\u00a0Um empres\u00e1rio e um cliente tamb\u00e9m foram esfaqueados, mas sobreviveram. O acusado do assassinato Antony Charlan Rocha, de 34&hellip;<\/p>\n","protected":false},"author":1,"featured_media":32470,"comment_status":"open","ping_status":"open","sticky":false,"template":"","format":"standard","meta":{"footnotes":""},"categories":[1],"tags":[],"class_list":["post-32469","post","type-post","status-publish","format-standard","has-post-thumbnail","hentry","category-noticias"],"_links":{"self":[{"href":"https:\/\/blogdorogeriogomes.com.br\/noticias\/wp-json\/wp\/v2\/posts\/32469","targetHints":{"allow":["GET"]}}],"collection":[{"href":"https:\/\/blogdorogeriogomes.com.br\/noticias\/wp-json\/wp\/v2\/posts"}],"about":[{"href":"https:\/\/blogdorogeriogomes.com.br\/noticias\/wp-json\/wp\/v2\/types\/post"}],"author":[{"embeddable":true,"href":"https:\/\/blogdorogeriogomes.com.br\/noticias\/wp-json\/wp\/v2\/users\/1"}],"replies":[{"embeddable":true,"href":"https:\/\/blogdorogeriogomes.com.br\/noticias\/wp-json\/wp\/v2\/comments?post=32469"}],"version-history":[{"count":1,"href":"https:\/\/blogdorogeriogomes.com.br\/noticias\/wp-json\/wp\/v2\/posts\/32469\/revisions"}],"predecessor-version":[{"id":32472,"href":"https:\/\/blogdorogeriogomes.com.br\/noticias\/wp-json\/wp\/v2\/posts\/32469\/revisions\/32472"}],"wp:featuredmedia":[{"embeddable":true,"href":"https:\/\/blogdorogeriogomes.com.br\/noticias\/wp-json\/wp\/v2\/media\/32470"}],"wp:attachment":[{"href":"https:\/\/blogdorogeriogomes.com.br\/noticias\/wp-json\/wp\/v2\/media?parent=32469"}],"wp:term":[{"taxonomy":"category","embeddable":true,"href":"https:\/\/blogdorogeriogomes.com.br\/noticias\/wp-json\/wp\/v2\/categories?post=32469"},{"taxonomy":"post_tag","embeddable":true,"href":"https:\/\/blogdorogeriogomes.com.br\/noticias\/wp-json\/wp\/v2\/tags?post=32469"}],"curies":[{"name":"wp","href":"https:\/\/api.w.org\/{rel}","templated":true}]}}