{"id":32476,"date":"2024-04-29T11:14:02","date_gmt":"2024-04-29T11:14:02","guid":{"rendered":"https:\/\/blogdorogeriogomes.com.br\/noticias\/?p=32476"},"modified":"2024-04-29T11:14:03","modified_gmt":"2024-04-29T11:14:03","slug":"prefeito-jose-sarto-assina-ordem-de-servico-para-reassentamento-de-lagoa-no-floresta-e-entrega-unidade-do-projeto-costurando-o-futuro-no-antonio-bezerra","status":"publish","type":"post","link":"https:\/\/blogdorogeriogomes.com.br\/noticias\/2024\/04\/prefeito-jose-sarto-assina-ordem-de-servico-para-reassentamento-de-lagoa-no-floresta-e-entrega-unidade-do-projeto-costurando-o-futuro-no-antonio-bezerra\/","title":{"rendered":"Prefeito Jos\u00e9 Sarto assina ordem de servi\u00e7o para reassentamento de lagoa no Floresta e entrega unidade do Projeto Costurando o Futuro no Ant\u00f4nio Bezerra"},"content":{"rendered":"\n<p>A Prefeitura de Fortaleza assina, na pr\u00f3xima segunda-feira, dia 29 de abril, a ordem de servi\u00e7o para a constru\u00e7\u00e3o do reassentamento Lagoa do Urubu, no bairro Floresta (Regional 1).<\/p>\n\n\n\n<p>A constru\u00e7\u00e3o deve receber fam\u00edlias que foram beneficiadas pela requalifica\u00e7\u00e3o do entorno da Lagoa. O empreendimento comportar\u00e1 64 unidades habitacionais formadas por dois quartos, sala, cozinha e banheiro distribu\u00eddos em cerca de 45 m\u00b2.<\/p>\n\n\n\n<p>Tamb\u00e9m nesta segunda-feira, o prefeito Jos\u00e9 Sarto entrega a primeira unidade m\u00f3vel do Projeto Costurando o Futuro. O equipamento ficar\u00e1 estacionado na Pra\u00e7a S\u00e3o Francisco das Chagas, no bairro Ant\u00f4nio Bezerra, por dois meses.<\/p>\n\n\n\n<p>Al\u00e9m de ser itinerante, a nova unidade tamb\u00e9m apresenta outra novidade, pois diferente das demais j\u00e1 instaladas pelo programa, ela disponibilizar\u00e1 m\u00e1quinas de costura para iniciantes e cursos para quem deseja aprender a costurar. O Costurando o Futuro \u00e9 uma das a\u00e7\u00f5es da Prefeitura de Fortaleza que t\u00eam por objetivo capacitar e fomentar o empreendedorismo na cidade.\u00a0<\/p>\n\n\n\n<figure class=\"wp-block-image size-full\"><img loading=\"lazy\" decoding=\"async\" width=\"906\" height=\"607\" src=\"https:\/\/blogdorogeriogomes.com.br\/noticias\/wp-content\/uploads\/2024\/04\/27-04-2024-Praca-DSC097192.jpg\" alt=\"\" class=\"wp-image-32478\" srcset=\"https:\/\/blogdorogeriogomes.com.br\/noticias\/wp-content\/uploads\/2024\/04\/27-04-2024-Praca-DSC097192.jpg 906w, https:\/\/blogdorogeriogomes.com.br\/noticias\/wp-content\/uploads\/2024\/04\/27-04-2024-Praca-DSC097192-300x201.jpg 300w, https:\/\/blogdorogeriogomes.com.br\/noticias\/wp-content\/uploads\/2024\/04\/27-04-2024-Praca-DSC097192-768x515.jpg 768w, https:\/\/blogdorogeriogomes.com.br\/noticias\/wp-content\/uploads\/2024\/04\/27-04-2024-Praca-DSC097192-800x536.jpg 800w\" sizes=\"auto, (max-width: 906px) 100vw, 906px\" \/><\/figure>\n","protected":false},"excerpt":{"rendered":"<p>A Prefeitura de Fortaleza assina, na pr\u00f3xima segunda-feira, dia 29 de abril, a ordem de servi\u00e7o para a constru\u00e7\u00e3o do reassentamento Lagoa do Urubu, no bairro Floresta (Regional 1). A constru\u00e7\u00e3o deve receber fam\u00edlias que foram beneficiadas pela requalifica\u00e7\u00e3o do entorno da Lagoa. O empreendimento comportar\u00e1 64 unidades habitacionais formadas por dois quartos, sala, cozinha e banheiro distribu\u00eddos em cerca de 45 m\u00b2. Tamb\u00e9m nesta segunda-feira, o prefeito Jos\u00e9 Sarto entrega a primeira unidade m\u00f3vel do Projeto Costurando o&hellip;<\/p>\n","protected":false},"author":1,"featured_media":32478,"comment_status":"open","ping_status":"open","sticky":false,"template":"","format":"standard","meta":{"footnotes":""},"categories":[1],"tags":[],"class_list":["post-32476","post","type-post","status-publish","format-standard","has-post-thumbnail","hentry","category-noticias"],"_links":{"self":[{"href":"https:\/\/blogdorogeriogomes.com.br\/noticias\/wp-json\/wp\/v2\/posts\/32476","targetHints":{"allow":["GET"]}}],"collection":[{"href":"https:\/\/blogdorogeriogomes.com.br\/noticias\/wp-json\/wp\/v2\/posts"}],"about":[{"href":"https:\/\/blogdorogeriogomes.com.br\/noticias\/wp-json\/wp\/v2\/types\/post"}],"author":[{"embeddable":true,"href":"https:\/\/blogdorogeriogomes.com.br\/noticias\/wp-json\/wp\/v2\/users\/1"}],"replies":[{"embeddable":true,"href":"https:\/\/blogdorogeriogomes.com.br\/noticias\/wp-json\/wp\/v2\/comments?post=32476"}],"version-history":[{"count":1,"href":"https:\/\/blogdorogeriogomes.com.br\/noticias\/wp-json\/wp\/v2\/posts\/32476\/revisions"}],"predecessor-version":[{"id":32479,"href":"https:\/\/blogdorogeriogomes.com.br\/noticias\/wp-json\/wp\/v2\/posts\/32476\/revisions\/32479"}],"wp:featuredmedia":[{"embeddable":true,"href":"https:\/\/blogdorogeriogomes.com.br\/noticias\/wp-json\/wp\/v2\/media\/32478"}],"wp:attachment":[{"href":"https:\/\/blogdorogeriogomes.com.br\/noticias\/wp-json\/wp\/v2\/media?parent=32476"}],"wp:term":[{"taxonomy":"category","embeddable":true,"href":"https:\/\/blogdorogeriogomes.com.br\/noticias\/wp-json\/wp\/v2\/categories?post=32476"},{"taxonomy":"post_tag","embeddable":true,"href":"https:\/\/blogdorogeriogomes.com.br\/noticias\/wp-json\/wp\/v2\/tags?post=32476"}],"curies":[{"name":"wp","href":"https:\/\/api.w.org\/{rel}","templated":true}]}}