{"id":32480,"date":"2024-04-29T13:23:22","date_gmt":"2024-04-29T13:23:22","guid":{"rendered":"https:\/\/blogdorogeriogomes.com.br\/noticias\/?p=32480"},"modified":"2024-04-29T13:23:23","modified_gmt":"2024-04-29T13:23:23","slug":"caucaia-reforca-vacinacao-contra-influenza-em-criancas-com-acao-itinerante-em-escolas-municipais","status":"publish","type":"post","link":"https:\/\/blogdorogeriogomes.com.br\/noticias\/2024\/04\/caucaia-reforca-vacinacao-contra-influenza-em-criancas-com-acao-itinerante-em-escolas-municipais\/","title":{"rendered":"Caucaia refor\u00e7a vacina\u00e7\u00e3o contra influenza em crian\u00e7as com a\u00e7\u00e3o itinerante em escolas municipais"},"content":{"rendered":"\n<p>As Secretarias de Sa\u00fade e Educa\u00e7\u00e3o de Caucaia firmaram parceria para ampliar a imuniza\u00e7\u00e3o contra influenza nas escolas municipais. Crian\u00e7as de seis meses a menores de seis anos ser\u00e3o contempladas com a implementa\u00e7\u00e3o da a\u00e7\u00e3o itinerante, que ser\u00e1 realizada a partir desta segunda-feira, dia 29 de abril.<\/p>\n\n\n\n<p>A pr\u00e1tica, que n\u00e3o tem necessidade de agendamento pr\u00e9vio e obedece a um calend\u00e1rio pr\u00e9-estabelecido pelas secretarias, tem como objetivo minimizar a dist\u00e2ncia da comunidade escolar em rela\u00e7\u00e3o aos pontos fixos de vacina\u00e7\u00e3o, possibilitando maior facilidade para que o p\u00fablico infantil possa se vacinar.<\/p>\n\n\n\n<p>A meta \u00e9 que at\u00e9 10 mil crian\u00e7as da faixa-et\u00e1ria sejam vacinadas. Na oportunidade, os profissionais tamb\u00e9m aplicar\u00e3o as vacinas de rotina, de acordo com o cart\u00e3o de vacina\u00e7\u00e3o de cada aluno.<\/p>\n\n\n\n<p>Al\u00e9m das escolas, a vacina\u00e7\u00e3o acontece em dois pontos fixos da cidade: Gr\u00eamio de Caucaia e nos 46 postos de sa\u00fade. Para os alunos receberem os imunizantes, \u00e9 necess\u00e1rio que os pais enviem a autoriza\u00e7\u00e3o, RG ou Certid\u00e3o de Nascimento, al\u00e9m do cart\u00e3o de vacina\u00e7\u00e3o.<\/p>\n\n\n\n<figure class=\"wp-block-image size-full\"><img loading=\"lazy\" decoding=\"async\" width=\"600\" height=\"450\" src=\"https:\/\/blogdorogeriogomes.com.br\/noticias\/wp-content\/uploads\/2024\/04\/IMG-20240429-WA0052.jpg\" alt=\"\" class=\"wp-image-32481\" srcset=\"https:\/\/blogdorogeriogomes.com.br\/noticias\/wp-content\/uploads\/2024\/04\/IMG-20240429-WA0052.jpg 600w, https:\/\/blogdorogeriogomes.com.br\/noticias\/wp-content\/uploads\/2024\/04\/IMG-20240429-WA0052-300x225.jpg 300w, https:\/\/blogdorogeriogomes.com.br\/noticias\/wp-content\/uploads\/2024\/04\/IMG-20240429-WA0052-400x300.jpg 400w\" sizes=\"auto, (max-width: 600px) 100vw, 600px\" \/><\/figure>\n\n\n\n<p><\/p>\n","protected":false},"excerpt":{"rendered":"<p>As Secretarias de Sa\u00fade e Educa\u00e7\u00e3o de Caucaia firmaram parceria para ampliar a imuniza\u00e7\u00e3o contra influenza nas escolas municipais. Crian\u00e7as de seis meses a menores de seis anos ser\u00e3o contempladas com a implementa\u00e7\u00e3o da a\u00e7\u00e3o itinerante, que ser\u00e1 realizada a partir desta segunda-feira, dia 29 de abril. A pr\u00e1tica, que n\u00e3o tem necessidade de agendamento pr\u00e9vio e obedece a um calend\u00e1rio pr\u00e9-estabelecido pelas secretarias, tem como objetivo minimizar a dist\u00e2ncia da comunidade escolar em rela\u00e7\u00e3o aos pontos fixos de&hellip;<\/p>\n","protected":false},"author":1,"featured_media":32481,"comment_status":"open","ping_status":"open","sticky":false,"template":"","format":"standard","meta":{"footnotes":""},"categories":[1],"tags":[],"class_list":["post-32480","post","type-post","status-publish","format-standard","has-post-thumbnail","hentry","category-noticias"],"_links":{"self":[{"href":"https:\/\/blogdorogeriogomes.com.br\/noticias\/wp-json\/wp\/v2\/posts\/32480","targetHints":{"allow":["GET"]}}],"collection":[{"href":"https:\/\/blogdorogeriogomes.com.br\/noticias\/wp-json\/wp\/v2\/posts"}],"about":[{"href":"https:\/\/blogdorogeriogomes.com.br\/noticias\/wp-json\/wp\/v2\/types\/post"}],"author":[{"embeddable":true,"href":"https:\/\/blogdorogeriogomes.com.br\/noticias\/wp-json\/wp\/v2\/users\/1"}],"replies":[{"embeddable":true,"href":"https:\/\/blogdorogeriogomes.com.br\/noticias\/wp-json\/wp\/v2\/comments?post=32480"}],"version-history":[{"count":1,"href":"https:\/\/blogdorogeriogomes.com.br\/noticias\/wp-json\/wp\/v2\/posts\/32480\/revisions"}],"predecessor-version":[{"id":32482,"href":"https:\/\/blogdorogeriogomes.com.br\/noticias\/wp-json\/wp\/v2\/posts\/32480\/revisions\/32482"}],"wp:featuredmedia":[{"embeddable":true,"href":"https:\/\/blogdorogeriogomes.com.br\/noticias\/wp-json\/wp\/v2\/media\/32481"}],"wp:attachment":[{"href":"https:\/\/blogdorogeriogomes.com.br\/noticias\/wp-json\/wp\/v2\/media?parent=32480"}],"wp:term":[{"taxonomy":"category","embeddable":true,"href":"https:\/\/blogdorogeriogomes.com.br\/noticias\/wp-json\/wp\/v2\/categories?post=32480"},{"taxonomy":"post_tag","embeddable":true,"href":"https:\/\/blogdorogeriogomes.com.br\/noticias\/wp-json\/wp\/v2\/tags?post=32480"}],"curies":[{"name":"wp","href":"https:\/\/api.w.org\/{rel}","templated":true}]}}