{"id":32483,"date":"2024-04-30T10:15:12","date_gmt":"2024-04-30T10:15:12","guid":{"rendered":"https:\/\/blogdorogeriogomes.com.br\/noticias\/?p=32483"},"modified":"2024-04-30T10:15:13","modified_gmt":"2024-04-30T10:15:13","slug":"enel-tenta-reagir-a-efeitos-da-cpi-na-assembleia-com-investimentos-que-chegam-a-r-48-bilhoes-nos-proximos-tres-anos","status":"publish","type":"post","link":"https:\/\/blogdorogeriogomes.com.br\/noticias\/2024\/04\/enel-tenta-reagir-a-efeitos-da-cpi-na-assembleia-com-investimentos-que-chegam-a-r-48-bilhoes-nos-proximos-tres-anos\/","title":{"rendered":"Enel tenta reagir a efeitos da CPI na Assembleia com investimentos que chegam a R$ 4,8 bilh\u00f5es nos pr\u00f3ximos tr\u00eas anos"},"content":{"rendered":"\n<p>Diante dos efeitos da CPI instalada na Assembleia Legislativa do Cear\u00e1 por causa do mau servi\u00e7o prestado pela empresa, a Enel Distribui\u00e7\u00e3o Cear\u00e1 anuncia um plano estruturado de a\u00e7\u00f5es que visa refor\u00e7ar a resili\u00eancia e a qualidade da sua rede el\u00e9trica para enfrentar os crescentes desafios do estado. As medidas come\u00e7aram a ser implementadas de imediato e t\u00eam o objetivo de satisfazer as necessidades de fornecimento de energia dos consumidores.<\/p>\n\n\n\n<p>O plano tem o respaldo dos acionistas controladores da distribuidora e prev\u00ea investimentos de R$ 4,8 bilh\u00f5es no per\u00edodo de 2024 a 2026, em toda a \u00e1rea de concess\u00e3o, para uma melhoria cont\u00ednua do fornecimento de energia. O valor representa uma m\u00e9dia anual de R$ 1,6 bilh\u00e3o neste per\u00edodo, um aumento de cerca de 44% em rela\u00e7\u00e3o \u00e0 m\u00e9dia anual de investimentos dos \u00faltimos seis anos. Um ponto relevante do plano inclui a contrata\u00e7\u00e3o, neste per\u00edodo, de cerca de 1.750 novos colaboradores para atuar, principalmente, na opera\u00e7\u00e3o em campo at\u00e9 2026. Apenas este ano, ser\u00e3o contratados cerca 450 novos colaboradores e incorporados 120 novos ve\u00edculos, para agilizar o atendimento aos clientes.<\/p>\n\n\n\n<p>Dentre as iniciativas apresentadas pela distribuidora, al\u00e9m do refor\u00e7o significativo das equipes de profissionais pr\u00f3prios que atuam em campo, destaca-se a intensifica\u00e7\u00e3o das manuten\u00e7\u00f5es preventivas, o aumento do n\u00famero de podas preventivas e a moderniza\u00e7\u00e3o da rede el\u00e9trica. Por ano, a companhia planeja realizar mais de 50 mil manuten\u00e7\u00f5es, cerca de 320 mil podas e inspe\u00e7\u00f5es em 90 mil pontos da rede el\u00e9trica em todo o estado.<\/p>\n\n\n\n<p>No per\u00edodo de 2024 a 2026, ser\u00e3o constru\u00eddas quatro novas subesta\u00e7\u00f5es, modernizadas outras tr\u00eas e ampliadas um total de 10 subesta\u00e7\u00f5es, beneficiando cerca de 2 milh\u00f5es de clientes. A companhia tamb\u00e9m ir\u00e1 construir mais de 170 km de rede de alta tens\u00e3o para apoiar os novos pontos de suprimentos.<\/p>\n\n\n\n<p>Al\u00e9m da alta tens\u00e3o, at\u00e9 2026, cerca de 10 mil km de m\u00e9dia e baixa tens\u00e3o ser\u00e3o constru\u00eddos, para dar apoio \u00e0s estruturas e conex\u00e3o de novos clientes. De equipamentos e materiais, mais de 13 mil transformadores e 123 mil postes ser\u00e3o inseridos na infraestrutura atual.<\/p>\n\n\n\n<p>\u201cEstamos mobilizados aos desafios do presente e do futuro do setor el\u00e9trico e manteremos o compromisso de buscar sempre a melhor energia para o consumidor cearense. Tudo isso com a dedica\u00e7\u00e3o e o empenho de todos os nossos colaboradores e parceiros, que fazem a nossa empresa diariamente. Nesse contexto, esse plano aponta uma s\u00e9rie de solu\u00e7\u00f5es que v\u00e3o contribuir para reduzir o n\u00famero de interrup\u00e7\u00f5es de energia e o tempo m\u00e9dio de atendimento aos clientes\u201d, ressalta o presidente da companhia no Cear\u00e1, Jos\u00e9 Nunes Almeida.<\/p>\n\n\n\n<figure class=\"wp-block-image size-full\"><img loading=\"lazy\" decoding=\"async\" width=\"750\" height=\"500\" src=\"https:\/\/blogdorogeriogomes.com.br\/noticias\/wp-content\/uploads\/2024\/04\/1_foto_01-26650494.jpg\" alt=\"\" class=\"wp-image-32484\" srcset=\"https:\/\/blogdorogeriogomes.com.br\/noticias\/wp-content\/uploads\/2024\/04\/1_foto_01-26650494.jpg 750w, https:\/\/blogdorogeriogomes.com.br\/noticias\/wp-content\/uploads\/2024\/04\/1_foto_01-26650494-300x200.jpg 300w\" sizes=\"auto, (max-width: 750px) 100vw, 750px\" \/><\/figure>\n\n\n\n<p><\/p>\n\n\n\n<p><\/p>\n\n\n\n<p><\/p>\n\n\n\n<p><br><\/p>\n\n\n\n<p><\/p>\n\n\n\n<p><\/p>\n\n\n\n<p><\/p>\n\n\n\n<p><\/p>\n\n\n\n<p><br><\/p>\n\n\n\n<p><\/p>\n\n\n\n<p><\/p>\n\n\n\n<p><\/p>\n\n\n\n<p><\/p>\n\n\n\n<p><\/p>\n\n\n\n<p><\/p>\n\n\n\n<p><\/p>\n\n\n\n<p><\/p>\n\n\n\n<p><\/p>\n","protected":false},"excerpt":{"rendered":"<p>Diante dos efeitos da CPI instalada na Assembleia Legislativa do Cear\u00e1 por causa do mau servi\u00e7o prestado pela empresa, a Enel Distribui\u00e7\u00e3o Cear\u00e1 anuncia um plano estruturado de a\u00e7\u00f5es que visa refor\u00e7ar a resili\u00eancia e a qualidade da sua rede el\u00e9trica para enfrentar os crescentes desafios do estado. As medidas come\u00e7aram a ser implementadas de imediato e t\u00eam o objetivo de satisfazer as necessidades de fornecimento de energia dos consumidores. O plano tem o respaldo dos acionistas controladores da&hellip;<\/p>\n","protected":false},"author":1,"featured_media":32484,"comment_status":"open","ping_status":"open","sticky":false,"template":"","format":"standard","meta":{"footnotes":""},"categories":[1],"tags":[],"class_list":["post-32483","post","type-post","status-publish","format-standard","has-post-thumbnail","hentry","category-noticias"],"_links":{"self":[{"href":"https:\/\/blogdorogeriogomes.com.br\/noticias\/wp-json\/wp\/v2\/posts\/32483","targetHints":{"allow":["GET"]}}],"collection":[{"href":"https:\/\/blogdorogeriogomes.com.br\/noticias\/wp-json\/wp\/v2\/posts"}],"about":[{"href":"https:\/\/blogdorogeriogomes.com.br\/noticias\/wp-json\/wp\/v2\/types\/post"}],"author":[{"embeddable":true,"href":"https:\/\/blogdorogeriogomes.com.br\/noticias\/wp-json\/wp\/v2\/users\/1"}],"replies":[{"embeddable":true,"href":"https:\/\/blogdorogeriogomes.com.br\/noticias\/wp-json\/wp\/v2\/comments?post=32483"}],"version-history":[{"count":1,"href":"https:\/\/blogdorogeriogomes.com.br\/noticias\/wp-json\/wp\/v2\/posts\/32483\/revisions"}],"predecessor-version":[{"id":32485,"href":"https:\/\/blogdorogeriogomes.com.br\/noticias\/wp-json\/wp\/v2\/posts\/32483\/revisions\/32485"}],"wp:featuredmedia":[{"embeddable":true,"href":"https:\/\/blogdorogeriogomes.com.br\/noticias\/wp-json\/wp\/v2\/media\/32484"}],"wp:attachment":[{"href":"https:\/\/blogdorogeriogomes.com.br\/noticias\/wp-json\/wp\/v2\/media?parent=32483"}],"wp:term":[{"taxonomy":"category","embeddable":true,"href":"https:\/\/blogdorogeriogomes.com.br\/noticias\/wp-json\/wp\/v2\/categories?post=32483"},{"taxonomy":"post_tag","embeddable":true,"href":"https:\/\/blogdorogeriogomes.com.br\/noticias\/wp-json\/wp\/v2\/tags?post=32483"}],"curies":[{"name":"wp","href":"https:\/\/api.w.org\/{rel}","templated":true}]}}