{"id":32486,"date":"2024-04-30T10:42:25","date_gmt":"2024-04-30T10:42:25","guid":{"rendered":"https:\/\/blogdorogeriogomes.com.br\/noticias\/?p=32486"},"modified":"2024-04-30T10:42:26","modified_gmt":"2024-04-30T10:42:26","slug":"governo-do-estado-projeta-que-linha-leste-do-metrofor-entre-em-operacao-ate-dezembro-de-2026","status":"publish","type":"post","link":"https:\/\/blogdorogeriogomes.com.br\/noticias\/2024\/04\/governo-do-estado-projeta-que-linha-leste-do-metrofor-entre-em-operacao-ate-dezembro-de-2026\/","title":{"rendered":"Governo do Estado projeta que Linha Leste do Metrofor entre em opera\u00e7\u00e3o at\u00e9 dezembro de 2026"},"content":{"rendered":"\n<p>O Governo do Cear\u00e1 faz uma nova proje\u00e7\u00e3o para o in\u00edcio da opera\u00e7\u00e3o da Linha Leste do Metrofor, em Fortaleza. A Secretaria de Infraestrutura do Estado, respons\u00e1vel pela obra, avalia que a Linha Leste estar\u00e1 pronta e em opera\u00e7\u00e3o no dia 31 de dezembro de 2026.<\/p>\n\n\n\n<p>A primeira fase da obra da Linha Leste do Metr\u00f4 de Fortaleza, o Metrofor, come\u00e7a na Esta\u00e7\u00e3o Central Chico da Silva, localizada a 100 metros do Cemit\u00e9rio S\u00e3o Jo\u00e3o Batista, e vai at\u00e9 o bairro Papicu, numa extens\u00e3o de 7,3 quil\u00f4metros.\u00a0<\/p>\n\n\n\n<p>As tuneladoras respons\u00e1veis pela abertura dos t\u00faneis da Linha Leste do Metr\u00f4 de Fortaleza, tamb\u00e9m conhecidas como \u201ctatuz\u00f5es\u201d, est\u00e3o atualmente paradas, desde 2021. Uma delas est\u00e1 localizada exatamente a 34 metros abaixo do piso da Catedral Metropolitana, enquanto a outra est\u00e1 pr\u00f3xima. As tuneladoras come\u00e7aram a ser reparadas em novembro do ano passado, ap\u00f3s o governo do Estado repactuar o contrato com o cons\u00f3rcio FTS.\u00a0<\/p>\n\n\n\n<p>O canteiro de obras da Linha Leste do Metrofor \u00e9 administrado pelo cons\u00f3rcio FTS Linha Leste, integrado pela Construtora Ferreira Guedes S\/A e pela Sacyr Construcci\u00f3n S\/A,. Cerca de R$ 1,47 bilh\u00e3o ser\u00e3o executados para concluir a obra at\u00e9 31 de dezembro de 2026.<\/p>\n\n\n\n<figure class=\"wp-block-image size-large\"><img loading=\"lazy\" decoding=\"async\" width=\"1024\" height=\"768\" src=\"https:\/\/blogdorogeriogomes.com.br\/noticias\/wp-content\/uploads\/2024\/04\/Avancando-1024x768.jpg\" alt=\"\" class=\"wp-image-32487\" srcset=\"https:\/\/blogdorogeriogomes.com.br\/noticias\/wp-content\/uploads\/2024\/04\/Avancando-1024x768.jpg 1024w, https:\/\/blogdorogeriogomes.com.br\/noticias\/wp-content\/uploads\/2024\/04\/Avancando-300x225.jpg 300w, https:\/\/blogdorogeriogomes.com.br\/noticias\/wp-content\/uploads\/2024\/04\/Avancando-768x576.jpg 768w, https:\/\/blogdorogeriogomes.com.br\/noticias\/wp-content\/uploads\/2024\/04\/Avancando-1536x1152.jpg 1536w, https:\/\/blogdorogeriogomes.com.br\/noticias\/wp-content\/uploads\/2024\/04\/Avancando-800x600.jpg 800w, https:\/\/blogdorogeriogomes.com.br\/noticias\/wp-content\/uploads\/2024\/04\/Avancando-400x300.jpg 400w, https:\/\/blogdorogeriogomes.com.br\/noticias\/wp-content\/uploads\/2024\/04\/Avancando.jpg 1600w\" sizes=\"auto, (max-width: 1024px) 100vw, 1024px\" \/><\/figure>\n","protected":false},"excerpt":{"rendered":"<p>O Governo do Cear\u00e1 faz uma nova proje\u00e7\u00e3o para o in\u00edcio da opera\u00e7\u00e3o da Linha Leste do Metrofor, em Fortaleza. A Secretaria de Infraestrutura do Estado, respons\u00e1vel pela obra, avalia que a Linha Leste estar\u00e1 pronta e em opera\u00e7\u00e3o no dia 31 de dezembro de 2026. A primeira fase da obra da Linha Leste do Metr\u00f4 de Fortaleza, o Metrofor, come\u00e7a na Esta\u00e7\u00e3o Central Chico da Silva, localizada a 100 metros do Cemit\u00e9rio S\u00e3o Jo\u00e3o Batista, e vai at\u00e9&hellip;<\/p>\n","protected":false},"author":1,"featured_media":32487,"comment_status":"open","ping_status":"open","sticky":false,"template":"","format":"standard","meta":{"footnotes":""},"categories":[1],"tags":[],"class_list":["post-32486","post","type-post","status-publish","format-standard","has-post-thumbnail","hentry","category-noticias"],"_links":{"self":[{"href":"https:\/\/blogdorogeriogomes.com.br\/noticias\/wp-json\/wp\/v2\/posts\/32486","targetHints":{"allow":["GET"]}}],"collection":[{"href":"https:\/\/blogdorogeriogomes.com.br\/noticias\/wp-json\/wp\/v2\/posts"}],"about":[{"href":"https:\/\/blogdorogeriogomes.com.br\/noticias\/wp-json\/wp\/v2\/types\/post"}],"author":[{"embeddable":true,"href":"https:\/\/blogdorogeriogomes.com.br\/noticias\/wp-json\/wp\/v2\/users\/1"}],"replies":[{"embeddable":true,"href":"https:\/\/blogdorogeriogomes.com.br\/noticias\/wp-json\/wp\/v2\/comments?post=32486"}],"version-history":[{"count":1,"href":"https:\/\/blogdorogeriogomes.com.br\/noticias\/wp-json\/wp\/v2\/posts\/32486\/revisions"}],"predecessor-version":[{"id":32488,"href":"https:\/\/blogdorogeriogomes.com.br\/noticias\/wp-json\/wp\/v2\/posts\/32486\/revisions\/32488"}],"wp:featuredmedia":[{"embeddable":true,"href":"https:\/\/blogdorogeriogomes.com.br\/noticias\/wp-json\/wp\/v2\/media\/32487"}],"wp:attachment":[{"href":"https:\/\/blogdorogeriogomes.com.br\/noticias\/wp-json\/wp\/v2\/media?parent=32486"}],"wp:term":[{"taxonomy":"category","embeddable":true,"href":"https:\/\/blogdorogeriogomes.com.br\/noticias\/wp-json\/wp\/v2\/categories?post=32486"},{"taxonomy":"post_tag","embeddable":true,"href":"https:\/\/blogdorogeriogomes.com.br\/noticias\/wp-json\/wp\/v2\/tags?post=32486"}],"curies":[{"name":"wp","href":"https:\/\/api.w.org\/{rel}","templated":true}]}}