{"id":32489,"date":"2024-04-30T10:57:55","date_gmt":"2024-04-30T10:57:55","guid":{"rendered":"https:\/\/blogdorogeriogomes.com.br\/noticias\/?p=32489"},"modified":"2024-04-30T10:57:56","modified_gmt":"2024-04-30T10:57:56","slug":"aumenta-queda-de-braco-entre-planalto-e-senado-por-causa-da-desoneracao-da-folha-de-pagamento","status":"publish","type":"post","link":"https:\/\/blogdorogeriogomes.com.br\/noticias\/2024\/04\/aumenta-queda-de-braco-entre-planalto-e-senado-por-causa-da-desoneracao-da-folha-de-pagamento\/","title":{"rendered":"Aumenta queda de bra\u00e7o entre Planalto e Senado por causa da desonera\u00e7\u00e3o da folha de pagamento"},"content":{"rendered":"\n<p>O ministro da Fazenda, Fernando Haddad, defendeu a a\u00e7\u00e3o judicial proposta pelo governo ao Supremo Tribunal Federal (STF) para suspender trechos da lei que prorrogou a desonera\u00e7\u00e3o da folha de pagamento de setores da economia e dos munic\u00edpios.&nbsp;<\/p>\n\n\n\n<p>\u201cA reforma da previd\u00eancia tem uma cl\u00e1usula que tem que ser considerada porque, sen\u00e3o, daqui tr\u00eas ou cinco anos voc\u00ea vai ter que fazer outra reforma da Previd\u00eancia, se n\u00e3o tiver receita. Ent\u00e3o n\u00f3s temos que ter muita responsabilidade com isso&#8230;a receita da Previd\u00eancia \u00e9 sagrada. \u00c9 para pagar os aposentados. N\u00e3o d\u00e1 para brincar com essas coisas\u201d, completou Haddad.<\/p>\n\n\n\n<p>O presidente do Senado, Rodrigo Pacheco (PSD-MG), em conversas reservadas, expressou preocupa\u00e7\u00e3o com o estado atual das rela\u00e7\u00f5es entre o governo e o Congresso Nacional. Descrevendo a situa\u00e7\u00e3o como uma &#8220;desarticula\u00e7\u00e3o completa&#8221;, Pacheco enfatizou que a falta de alinhamento entre os poderes Executivo e Legislativo est\u00e1 prejudicando o andamento das atividades governamentais.<\/p>\n\n\n\n<p>O vice-presidente Geraldo Alckmin reiterou que a responsabilidade fiscal \u00e9 um patrim\u00f4nio do povo brasileiro e uma tarefa que envolve todos os Poderes e n\u00edveis da Federa\u00e7\u00e3o. Citando tanto Haddad quanto a ministra do Planejamento, Simone Tebet, \u00a0Alckmin enfatizou a import\u00e2ncia da espinha dorsal do arcabou\u00e7o fiscal e a necessidade de di\u00e1logo para garantir a solidez dos fundamentos econ\u00f4micos do Brasil.<\/p>\n\n\n\n<figure class=\"wp-block-image size-full\"><img loading=\"lazy\" decoding=\"async\" width=\"699\" height=\"439\" src=\"https:\/\/blogdorogeriogomes.com.br\/noticias\/wp-content\/uploads\/2024\/04\/images-93.jpeg\" alt=\"\" class=\"wp-image-32490\" srcset=\"https:\/\/blogdorogeriogomes.com.br\/noticias\/wp-content\/uploads\/2024\/04\/images-93.jpeg 699w, https:\/\/blogdorogeriogomes.com.br\/noticias\/wp-content\/uploads\/2024\/04\/images-93-300x188.jpeg 300w, https:\/\/blogdorogeriogomes.com.br\/noticias\/wp-content\/uploads\/2024\/04\/images-93-320x202.jpeg 320w\" sizes=\"auto, (max-width: 699px) 100vw, 699px\" \/><\/figure>\n","protected":false},"excerpt":{"rendered":"<p>O ministro da Fazenda, Fernando Haddad, defendeu a a\u00e7\u00e3o judicial proposta pelo governo ao Supremo Tribunal Federal (STF) para suspender trechos da lei que prorrogou a desonera\u00e7\u00e3o da folha de pagamento de setores da economia e dos munic\u00edpios.&nbsp; \u201cA reforma da previd\u00eancia tem uma cl\u00e1usula que tem que ser considerada porque, sen\u00e3o, daqui tr\u00eas ou cinco anos voc\u00ea vai ter que fazer outra reforma da Previd\u00eancia, se n\u00e3o tiver receita. Ent\u00e3o n\u00f3s temos que ter muita responsabilidade com isso&#8230;a&hellip;<\/p>\n","protected":false},"author":1,"featured_media":32490,"comment_status":"open","ping_status":"open","sticky":false,"template":"","format":"standard","meta":{"footnotes":""},"categories":[1],"tags":[],"class_list":["post-32489","post","type-post","status-publish","format-standard","has-post-thumbnail","hentry","category-noticias"],"_links":{"self":[{"href":"https:\/\/blogdorogeriogomes.com.br\/noticias\/wp-json\/wp\/v2\/posts\/32489","targetHints":{"allow":["GET"]}}],"collection":[{"href":"https:\/\/blogdorogeriogomes.com.br\/noticias\/wp-json\/wp\/v2\/posts"}],"about":[{"href":"https:\/\/blogdorogeriogomes.com.br\/noticias\/wp-json\/wp\/v2\/types\/post"}],"author":[{"embeddable":true,"href":"https:\/\/blogdorogeriogomes.com.br\/noticias\/wp-json\/wp\/v2\/users\/1"}],"replies":[{"embeddable":true,"href":"https:\/\/blogdorogeriogomes.com.br\/noticias\/wp-json\/wp\/v2\/comments?post=32489"}],"version-history":[{"count":1,"href":"https:\/\/blogdorogeriogomes.com.br\/noticias\/wp-json\/wp\/v2\/posts\/32489\/revisions"}],"predecessor-version":[{"id":32491,"href":"https:\/\/blogdorogeriogomes.com.br\/noticias\/wp-json\/wp\/v2\/posts\/32489\/revisions\/32491"}],"wp:featuredmedia":[{"embeddable":true,"href":"https:\/\/blogdorogeriogomes.com.br\/noticias\/wp-json\/wp\/v2\/media\/32490"}],"wp:attachment":[{"href":"https:\/\/blogdorogeriogomes.com.br\/noticias\/wp-json\/wp\/v2\/media?parent=32489"}],"wp:term":[{"taxonomy":"category","embeddable":true,"href":"https:\/\/blogdorogeriogomes.com.br\/noticias\/wp-json\/wp\/v2\/categories?post=32489"},{"taxonomy":"post_tag","embeddable":true,"href":"https:\/\/blogdorogeriogomes.com.br\/noticias\/wp-json\/wp\/v2\/tags?post=32489"}],"curies":[{"name":"wp","href":"https:\/\/api.w.org\/{rel}","templated":true}]}}