{"id":32495,"date":"2024-04-30T21:14:29","date_gmt":"2024-04-30T21:14:29","guid":{"rendered":"https:\/\/blogdorogeriogomes.com.br\/noticias\/?p=32495"},"modified":"2024-04-30T21:14:30","modified_gmt":"2024-04-30T21:14:30","slug":"governo-do-estado-e-clubes-definem-transferencia-de-dois-jogos-no-mes-de-maio-da-arena-castelao-para-estadio-presidente-vargas","status":"publish","type":"post","link":"https:\/\/blogdorogeriogomes.com.br\/noticias\/2024\/04\/governo-do-estado-e-clubes-definem-transferencia-de-dois-jogos-no-mes-de-maio-da-arena-castelao-para-estadio-presidente-vargas\/","title":{"rendered":"Governo do Estado e clubes definem transfer\u00eancia de dois jogos no m\u00eas de maio da Arena Castel\u00e3o para est\u00e1dio Presidente Vargas"},"content":{"rendered":"\n<p>Em reuni\u00e3o realizada na manh\u00e3 desta ter\u00e7a-feira, dia 30 de abril, na sede da Secretaria do Esporte (Sesporte), foi deliberado, em comum acordo com a Federa\u00e7\u00e3o Cearense de Futebol (FCF) e representantes dos clubes Fortaleza e Cear\u00e1, a transfer\u00eancia de dois jogos da Arena Castel\u00e3o no calend\u00e1rio deste m\u00eas de maio.<\/p>\n\n\n\n<p>A iniciativa visa garantir a recupera\u00e7\u00e3o do gramado, que vai passar por um novo cronograma de manuten\u00e7\u00e3o, com refor\u00e7o da aduba\u00e7\u00e3o e a revitaliza\u00e7\u00e3o das grandes \u00e1reas, al\u00e9m de corte e procedimentos de rotina.<\/p>\n\n\n\n<p>Assim, a partida entre Cear\u00e1 e CRB de Alagoas, pela S\u00e9rie B do Campeonato Brasileiro, no dia 6 de maio, ser\u00e1 transferida para o Est\u00e1dio Presidente Vargas. O segundo jogo transferido ser\u00e1 entre Fortaleza e Athletico (PR) pela S\u00e9rie A do Campeonato Brasileiro, agendado para o dia 18. Com a decis\u00e3o, o trabalho no gramado passa a ter um intervalo inicial de 11 dias, entre os dias 2 e 12, para recupera\u00e7\u00e3o.<\/p>\n\n\n\n<figure class=\"wp-block-image size-large\"><img loading=\"lazy\" decoding=\"async\" width=\"1024\" height=\"684\" src=\"https:\/\/blogdorogeriogomes.com.br\/noticias\/wp-content\/uploads\/2024\/04\/230228_GOV-VISITA-CASTELAO_CG1935_1_2-1200x802-1-1024x684.jpg\" alt=\"\" class=\"wp-image-32496\" srcset=\"https:\/\/blogdorogeriogomes.com.br\/noticias\/wp-content\/uploads\/2024\/04\/230228_GOV-VISITA-CASTELAO_CG1935_1_2-1200x802-1-1024x684.jpg 1024w, https:\/\/blogdorogeriogomes.com.br\/noticias\/wp-content\/uploads\/2024\/04\/230228_GOV-VISITA-CASTELAO_CG1935_1_2-1200x802-1-300x201.jpg 300w, https:\/\/blogdorogeriogomes.com.br\/noticias\/wp-content\/uploads\/2024\/04\/230228_GOV-VISITA-CASTELAO_CG1935_1_2-1200x802-1-768x513.jpg 768w, https:\/\/blogdorogeriogomes.com.br\/noticias\/wp-content\/uploads\/2024\/04\/230228_GOV-VISITA-CASTELAO_CG1935_1_2-1200x802-1-800x535.jpg 800w, https:\/\/blogdorogeriogomes.com.br\/noticias\/wp-content\/uploads\/2024\/04\/230228_GOV-VISITA-CASTELAO_CG1935_1_2-1200x802-1.jpg 1200w\" sizes=\"auto, (max-width: 1024px) 100vw, 1024px\" \/><\/figure>\n","protected":false},"excerpt":{"rendered":"<p>Em reuni\u00e3o realizada na manh\u00e3 desta ter\u00e7a-feira, dia 30 de abril, na sede da Secretaria do Esporte (Sesporte), foi deliberado, em comum acordo com a Federa\u00e7\u00e3o Cearense de Futebol (FCF) e representantes dos clubes Fortaleza e Cear\u00e1, a transfer\u00eancia de dois jogos da Arena Castel\u00e3o no calend\u00e1rio deste m\u00eas de maio. A iniciativa visa garantir a recupera\u00e7\u00e3o do gramado, que vai passar por um novo cronograma de manuten\u00e7\u00e3o, com refor\u00e7o da aduba\u00e7\u00e3o e a revitaliza\u00e7\u00e3o das grandes \u00e1reas, al\u00e9m&hellip;<\/p>\n","protected":false},"author":1,"featured_media":32496,"comment_status":"open","ping_status":"open","sticky":false,"template":"","format":"standard","meta":{"footnotes":""},"categories":[1],"tags":[],"class_list":["post-32495","post","type-post","status-publish","format-standard","has-post-thumbnail","hentry","category-noticias"],"_links":{"self":[{"href":"https:\/\/blogdorogeriogomes.com.br\/noticias\/wp-json\/wp\/v2\/posts\/32495","targetHints":{"allow":["GET"]}}],"collection":[{"href":"https:\/\/blogdorogeriogomes.com.br\/noticias\/wp-json\/wp\/v2\/posts"}],"about":[{"href":"https:\/\/blogdorogeriogomes.com.br\/noticias\/wp-json\/wp\/v2\/types\/post"}],"author":[{"embeddable":true,"href":"https:\/\/blogdorogeriogomes.com.br\/noticias\/wp-json\/wp\/v2\/users\/1"}],"replies":[{"embeddable":true,"href":"https:\/\/blogdorogeriogomes.com.br\/noticias\/wp-json\/wp\/v2\/comments?post=32495"}],"version-history":[{"count":1,"href":"https:\/\/blogdorogeriogomes.com.br\/noticias\/wp-json\/wp\/v2\/posts\/32495\/revisions"}],"predecessor-version":[{"id":32497,"href":"https:\/\/blogdorogeriogomes.com.br\/noticias\/wp-json\/wp\/v2\/posts\/32495\/revisions\/32497"}],"wp:featuredmedia":[{"embeddable":true,"href":"https:\/\/blogdorogeriogomes.com.br\/noticias\/wp-json\/wp\/v2\/media\/32496"}],"wp:attachment":[{"href":"https:\/\/blogdorogeriogomes.com.br\/noticias\/wp-json\/wp\/v2\/media?parent=32495"}],"wp:term":[{"taxonomy":"category","embeddable":true,"href":"https:\/\/blogdorogeriogomes.com.br\/noticias\/wp-json\/wp\/v2\/categories?post=32495"},{"taxonomy":"post_tag","embeddable":true,"href":"https:\/\/blogdorogeriogomes.com.br\/noticias\/wp-json\/wp\/v2\/tags?post=32495"}],"curies":[{"name":"wp","href":"https:\/\/api.w.org\/{rel}","templated":true}]}}