{"id":32501,"date":"2024-05-02T14:48:53","date_gmt":"2024-05-02T14:48:53","guid":{"rendered":"https:\/\/blogdorogeriogomes.com.br\/noticias\/?p=32501"},"modified":"2024-05-02T14:48:54","modified_gmt":"2024-05-02T14:48:54","slug":"ceara-e-confirmado-como-zona-livre-de-febre-aftosa-sem-vacinacao","status":"publish","type":"post","link":"https:\/\/blogdorogeriogomes.com.br\/noticias\/2024\/05\/ceara-e-confirmado-como-zona-livre-de-febre-aftosa-sem-vacinacao\/","title":{"rendered":"Cear\u00e1 \u00e9 confirmado como zona livre de febre aftosa sem vacina\u00e7\u00e3o"},"content":{"rendered":"\n<p>Foi publicada, no Di\u00e1rio Oficial da Uni\u00e3o do \u00faltimo dia 30 de abril, a portaria do Minist\u00e9rio da Agricultura e Pecu\u00e1ria que confirma o Estado do Cear\u00e1 como Zona Livre de Febre Aftosa sem vacina\u00e7\u00e3o. Al\u00e9m do Cear\u00e1, outros 20 estados brasileiros tamb\u00e9m foram confirmados como zona livre.<\/p>\n\n\n\n<p>A campanha de vacina\u00e7\u00e3o contra a febre aftosa segue em andamento no Estado. O prazo para a compra da vacina terminou na \u00faltima ter\u00e7a-feira, dia 30 de abril, mas os produtores devem declarar a vacina\u00e7\u00e3o at\u00e9 o dia 15 de maio.<\/p>\n\n\n\n<p>O governador Elmano de Freitas comemorou o reconhecimento e dividiu os m\u00e9ritos com os servidores da Ag\u00eancia de Defesa Agropecu\u00e1ria (Adagri) e com os parceiros da campanha de vacina\u00e7\u00e3o. Ele destacou ainda o esfor\u00e7o do Governo do Cear\u00e1 para garantir estrutura para as pol\u00edticas p\u00fablicas de defesa agropecu\u00e1ria.<\/p>\n\n\n\n<figure class=\"wp-block-image size-full\"><img loading=\"lazy\" decoding=\"async\" width=\"788\" height=\"388\" src=\"https:\/\/blogdorogeriogomes.com.br\/noticias\/wp-content\/uploads\/2024\/05\/images-94.jpeg\" alt=\"\" class=\"wp-image-32502\" srcset=\"https:\/\/blogdorogeriogomes.com.br\/noticias\/wp-content\/uploads\/2024\/05\/images-94.jpeg 788w, https:\/\/blogdorogeriogomes.com.br\/noticias\/wp-content\/uploads\/2024\/05\/images-94-300x148.jpeg 300w, https:\/\/blogdorogeriogomes.com.br\/noticias\/wp-content\/uploads\/2024\/05\/images-94-768x378.jpeg 768w\" sizes=\"auto, (max-width: 788px) 100vw, 788px\" \/><\/figure>\n","protected":false},"excerpt":{"rendered":"<p>Foi publicada, no Di\u00e1rio Oficial da Uni\u00e3o do \u00faltimo dia 30 de abril, a portaria do Minist\u00e9rio da Agricultura e Pecu\u00e1ria que confirma o Estado do Cear\u00e1 como Zona Livre de Febre Aftosa sem vacina\u00e7\u00e3o. Al\u00e9m do Cear\u00e1, outros 20 estados brasileiros tamb\u00e9m foram confirmados como zona livre. A campanha de vacina\u00e7\u00e3o contra a febre aftosa segue em andamento no Estado. O prazo para a compra da vacina terminou na \u00faltima ter\u00e7a-feira, dia 30 de abril, mas os produtores&hellip;<\/p>\n","protected":false},"author":1,"featured_media":32502,"comment_status":"open","ping_status":"open","sticky":false,"template":"","format":"standard","meta":{"footnotes":""},"categories":[1],"tags":[],"class_list":["post-32501","post","type-post","status-publish","format-standard","has-post-thumbnail","hentry","category-noticias"],"_links":{"self":[{"href":"https:\/\/blogdorogeriogomes.com.br\/noticias\/wp-json\/wp\/v2\/posts\/32501","targetHints":{"allow":["GET"]}}],"collection":[{"href":"https:\/\/blogdorogeriogomes.com.br\/noticias\/wp-json\/wp\/v2\/posts"}],"about":[{"href":"https:\/\/blogdorogeriogomes.com.br\/noticias\/wp-json\/wp\/v2\/types\/post"}],"author":[{"embeddable":true,"href":"https:\/\/blogdorogeriogomes.com.br\/noticias\/wp-json\/wp\/v2\/users\/1"}],"replies":[{"embeddable":true,"href":"https:\/\/blogdorogeriogomes.com.br\/noticias\/wp-json\/wp\/v2\/comments?post=32501"}],"version-history":[{"count":1,"href":"https:\/\/blogdorogeriogomes.com.br\/noticias\/wp-json\/wp\/v2\/posts\/32501\/revisions"}],"predecessor-version":[{"id":32503,"href":"https:\/\/blogdorogeriogomes.com.br\/noticias\/wp-json\/wp\/v2\/posts\/32501\/revisions\/32503"}],"wp:featuredmedia":[{"embeddable":true,"href":"https:\/\/blogdorogeriogomes.com.br\/noticias\/wp-json\/wp\/v2\/media\/32502"}],"wp:attachment":[{"href":"https:\/\/blogdorogeriogomes.com.br\/noticias\/wp-json\/wp\/v2\/media?parent=32501"}],"wp:term":[{"taxonomy":"category","embeddable":true,"href":"https:\/\/blogdorogeriogomes.com.br\/noticias\/wp-json\/wp\/v2\/categories?post=32501"},{"taxonomy":"post_tag","embeddable":true,"href":"https:\/\/blogdorogeriogomes.com.br\/noticias\/wp-json\/wp\/v2\/tags?post=32501"}],"curies":[{"name":"wp","href":"https:\/\/api.w.org\/{rel}","templated":true}]}}