{"id":32512,"date":"2024-05-02T15:25:11","date_gmt":"2024-05-02T15:25:11","guid":{"rendered":"https:\/\/blogdorogeriogomes.com.br\/noticias\/?p=32512"},"modified":"2024-05-02T15:25:11","modified_gmt":"2024-05-02T15:25:11","slug":"medalha-da-abolicao-2024-sera-entregue-nesta-sexta-feira-a-cinco-personalidades-e-uma-instituicao-do-ceara","status":"publish","type":"post","link":"https:\/\/blogdorogeriogomes.com.br\/noticias\/2024\/05\/medalha-da-abolicao-2024-sera-entregue-nesta-sexta-feira-a-cinco-personalidades-e-uma-instituicao-do-ceara\/","title":{"rendered":"Medalha da Aboli\u00e7\u00e3o 2024 ser\u00e1 entregue nesta sexta-feira a cinco personalidades e uma institui\u00e7\u00e3o do Cear\u00e1"},"content":{"rendered":"\n<p>O Governo do Cear\u00e1 entrega, nesta sexta-feira, dia 3 de maio, \u00e0s 19 horas, no Pal\u00e1cio da Aboli\u00e7\u00e3o, a Medalha da Aboli\u00e7\u00e3o 2024 para seis personalidades de diversas \u00e1reas de atua\u00e7\u00e3o. A comenda ser\u00e1 outorgada pelo governador Elmano de Freitas e pela vice-governadora Jade Romero.<\/p>\n\n\n\n<p>A principal honraria do Estado ser\u00e1 concedida a Ana L\u00facia Bastos Mota, ge\u00f3grafa e empres\u00e1ria; Camilo Santana, ministro da Educa\u00e7\u00e3o e ex-governador do Cear\u00e1; Congrega\u00e7\u00e3o Franciscana de Canind\u00e9; dom Edmilson Cruz, bispo em\u00e9rito de Limoeiro do Norte; Lira Neto, jornalista e escritor; e Luiz Carlos Barreto, cineasta.<\/p>\n\n\n\n<figure class=\"wp-block-image size-full\"><img loading=\"lazy\" decoding=\"async\" width=\"1020\" height=\"590\" src=\"https:\/\/blogdorogeriogomes.com.br\/noticias\/wp-content\/uploads\/2024\/05\/Medalha-da-Abolic-o.jpeg\" alt=\"\" class=\"wp-image-32513\" srcset=\"https:\/\/blogdorogeriogomes.com.br\/noticias\/wp-content\/uploads\/2024\/05\/Medalha-da-Abolic-o.jpeg 1020w, https:\/\/blogdorogeriogomes.com.br\/noticias\/wp-content\/uploads\/2024\/05\/Medalha-da-Abolic-o-300x174.jpeg 300w, https:\/\/blogdorogeriogomes.com.br\/noticias\/wp-content\/uploads\/2024\/05\/Medalha-da-Abolic-o-768x444.jpeg 768w, https:\/\/blogdorogeriogomes.com.br\/noticias\/wp-content\/uploads\/2024\/05\/Medalha-da-Abolic-o-800x463.jpeg 800w\" sizes=\"auto, (max-width: 1020px) 100vw, 1020px\" \/><\/figure>\n","protected":false},"excerpt":{"rendered":"<p>O Governo do Cear\u00e1 entrega, nesta sexta-feira, dia 3 de maio, \u00e0s 19 horas, no Pal\u00e1cio da Aboli\u00e7\u00e3o, a Medalha da Aboli\u00e7\u00e3o 2024 para seis personalidades de diversas \u00e1reas de atua\u00e7\u00e3o. A comenda ser\u00e1 outorgada pelo governador Elmano de Freitas e pela vice-governadora Jade Romero. A principal honraria do Estado ser\u00e1 concedida a Ana L\u00facia Bastos Mota, ge\u00f3grafa e empres\u00e1ria; Camilo Santana, ministro da Educa\u00e7\u00e3o e ex-governador do Cear\u00e1; Congrega\u00e7\u00e3o Franciscana de Canind\u00e9; dom Edmilson Cruz, bispo em\u00e9rito de&hellip;<\/p>\n","protected":false},"author":1,"featured_media":32513,"comment_status":"open","ping_status":"open","sticky":false,"template":"","format":"standard","meta":{"footnotes":""},"categories":[1],"tags":[],"class_list":["post-32512","post","type-post","status-publish","format-standard","has-post-thumbnail","hentry","category-noticias"],"_links":{"self":[{"href":"https:\/\/blogdorogeriogomes.com.br\/noticias\/wp-json\/wp\/v2\/posts\/32512","targetHints":{"allow":["GET"]}}],"collection":[{"href":"https:\/\/blogdorogeriogomes.com.br\/noticias\/wp-json\/wp\/v2\/posts"}],"about":[{"href":"https:\/\/blogdorogeriogomes.com.br\/noticias\/wp-json\/wp\/v2\/types\/post"}],"author":[{"embeddable":true,"href":"https:\/\/blogdorogeriogomes.com.br\/noticias\/wp-json\/wp\/v2\/users\/1"}],"replies":[{"embeddable":true,"href":"https:\/\/blogdorogeriogomes.com.br\/noticias\/wp-json\/wp\/v2\/comments?post=32512"}],"version-history":[{"count":1,"href":"https:\/\/blogdorogeriogomes.com.br\/noticias\/wp-json\/wp\/v2\/posts\/32512\/revisions"}],"predecessor-version":[{"id":32514,"href":"https:\/\/blogdorogeriogomes.com.br\/noticias\/wp-json\/wp\/v2\/posts\/32512\/revisions\/32514"}],"wp:featuredmedia":[{"embeddable":true,"href":"https:\/\/blogdorogeriogomes.com.br\/noticias\/wp-json\/wp\/v2\/media\/32513"}],"wp:attachment":[{"href":"https:\/\/blogdorogeriogomes.com.br\/noticias\/wp-json\/wp\/v2\/media?parent=32512"}],"wp:term":[{"taxonomy":"category","embeddable":true,"href":"https:\/\/blogdorogeriogomes.com.br\/noticias\/wp-json\/wp\/v2\/categories?post=32512"},{"taxonomy":"post_tag","embeddable":true,"href":"https:\/\/blogdorogeriogomes.com.br\/noticias\/wp-json\/wp\/v2\/tags?post=32512"}],"curies":[{"name":"wp","href":"https:\/\/api.w.org\/{rel}","templated":true}]}}