{"id":32515,"date":"2024-05-03T08:35:17","date_gmt":"2024-05-03T08:35:17","guid":{"rendered":"https:\/\/blogdorogeriogomes.com.br\/noticias\/?p=32515"},"modified":"2024-05-03T08:35:18","modified_gmt":"2024-05-03T08:35:18","slug":"fortaleza-registra-reducao-de-mortes-no-transito-pelo-nono-ano-consecutivo","status":"publish","type":"post","link":"https:\/\/blogdorogeriogomes.com.br\/noticias\/2024\/05\/fortaleza-registra-reducao-de-mortes-no-transito-pelo-nono-ano-consecutivo\/","title":{"rendered":"Fortaleza registra redu\u00e7\u00e3o de mortes no tr\u00e2nsito pelo nono ano consecutivo"},"content":{"rendered":"\n<p>O munic\u00edpio de Fortaleza registrou redu\u00e7\u00e3o no n\u00famero de mortes no tr\u00e2nsito pelo nono ano consecutivo, conforme a Autarquia Municipal de Tr\u00e2nsito e Cidadania (AMC). Em 2023, a capital cearense contabilizou 157 mortes nas vias da cidade. Os dados come\u00e7aram a ser monitorados em 2014, quando 377 morreram no tr\u00e2nsito da capital cearense.<\/p>\n\n\n\n<p>O estudo da AMC mostrou ainda que o maior percentual de redu\u00e7\u00e3o nas mortes foi de ocupantes de ve\u00edculos quatro rodas, com diminui\u00e7\u00e3o de 96,7% nos \u00faltimos dez anos.<\/p>\n\n\n\n<p>O resultado, conforme a prefeitura, \u00e9 reflexo de um conjunto de interven\u00e7\u00f5es de educa\u00e7\u00e3o, engenharia de tr\u00e1fego e fiscaliza\u00e7\u00e3o preventiva que seguem as diretrizes do Plano Municipal de Seguran\u00e7a no Tr\u00e2nsito, sancionado em junho de 2022.<\/p>\n\n\n\n<figure class=\"wp-block-image size-full\"><img loading=\"lazy\" decoding=\"async\" width=\"1000\" height=\"587\" src=\"https:\/\/blogdorogeriogomes.com.br\/noticias\/wp-content\/uploads\/2024\/05\/img-1433.jpg\" alt=\"\" class=\"wp-image-32516\" srcset=\"https:\/\/blogdorogeriogomes.com.br\/noticias\/wp-content\/uploads\/2024\/05\/img-1433.jpg 1000w, https:\/\/blogdorogeriogomes.com.br\/noticias\/wp-content\/uploads\/2024\/05\/img-1433-300x176.jpg 300w, https:\/\/blogdorogeriogomes.com.br\/noticias\/wp-content\/uploads\/2024\/05\/img-1433-768x451.jpg 768w, https:\/\/blogdorogeriogomes.com.br\/noticias\/wp-content\/uploads\/2024\/05\/img-1433-800x470.jpg 800w\" sizes=\"auto, (max-width: 1000px) 100vw, 1000px\" \/><\/figure>\n","protected":false},"excerpt":{"rendered":"<p>O munic\u00edpio de Fortaleza registrou redu\u00e7\u00e3o no n\u00famero de mortes no tr\u00e2nsito pelo nono ano consecutivo, conforme a Autarquia Municipal de Tr\u00e2nsito e Cidadania (AMC). Em 2023, a capital cearense contabilizou 157 mortes nas vias da cidade. Os dados come\u00e7aram a ser monitorados em 2014, quando 377 morreram no tr\u00e2nsito da capital cearense. O estudo da AMC mostrou ainda que o maior percentual de redu\u00e7\u00e3o nas mortes foi de ocupantes de ve\u00edculos quatro rodas, com diminui\u00e7\u00e3o de 96,7% nos&hellip;<\/p>\n","protected":false},"author":1,"featured_media":32516,"comment_status":"open","ping_status":"open","sticky":false,"template":"","format":"standard","meta":{"footnotes":""},"categories":[1],"tags":[],"class_list":["post-32515","post","type-post","status-publish","format-standard","has-post-thumbnail","hentry","category-noticias"],"_links":{"self":[{"href":"https:\/\/blogdorogeriogomes.com.br\/noticias\/wp-json\/wp\/v2\/posts\/32515","targetHints":{"allow":["GET"]}}],"collection":[{"href":"https:\/\/blogdorogeriogomes.com.br\/noticias\/wp-json\/wp\/v2\/posts"}],"about":[{"href":"https:\/\/blogdorogeriogomes.com.br\/noticias\/wp-json\/wp\/v2\/types\/post"}],"author":[{"embeddable":true,"href":"https:\/\/blogdorogeriogomes.com.br\/noticias\/wp-json\/wp\/v2\/users\/1"}],"replies":[{"embeddable":true,"href":"https:\/\/blogdorogeriogomes.com.br\/noticias\/wp-json\/wp\/v2\/comments?post=32515"}],"version-history":[{"count":1,"href":"https:\/\/blogdorogeriogomes.com.br\/noticias\/wp-json\/wp\/v2\/posts\/32515\/revisions"}],"predecessor-version":[{"id":32517,"href":"https:\/\/blogdorogeriogomes.com.br\/noticias\/wp-json\/wp\/v2\/posts\/32515\/revisions\/32517"}],"wp:featuredmedia":[{"embeddable":true,"href":"https:\/\/blogdorogeriogomes.com.br\/noticias\/wp-json\/wp\/v2\/media\/32516"}],"wp:attachment":[{"href":"https:\/\/blogdorogeriogomes.com.br\/noticias\/wp-json\/wp\/v2\/media?parent=32515"}],"wp:term":[{"taxonomy":"category","embeddable":true,"href":"https:\/\/blogdorogeriogomes.com.br\/noticias\/wp-json\/wp\/v2\/categories?post=32515"},{"taxonomy":"post_tag","embeddable":true,"href":"https:\/\/blogdorogeriogomes.com.br\/noticias\/wp-json\/wp\/v2\/tags?post=32515"}],"curies":[{"name":"wp","href":"https:\/\/api.w.org\/{rel}","templated":true}]}}