{"id":32518,"date":"2024-05-03T08:43:15","date_gmt":"2024-05-03T08:43:15","guid":{"rendered":"https:\/\/blogdorogeriogomes.com.br\/noticias\/?p=32518"},"modified":"2024-05-03T08:43:16","modified_gmt":"2024-05-03T08:43:16","slug":"professores-da-uece-rejeitam-proposta-do-governo-estadual-para-encerrar-a-greve","status":"publish","type":"post","link":"https:\/\/blogdorogeriogomes.com.br\/noticias\/2024\/05\/professores-da-uece-rejeitam-proposta-do-governo-estadual-para-encerrar-a-greve\/","title":{"rendered":"Professores da Uece rejeitam proposta do Governo Estadual para encerrar a greve"},"content":{"rendered":"\n<p>Os professores da Universidade Estadual do Cear\u00e1 (Uece) recusaram encerrar a greve em uma assembleia realizada nesta quinta-feira, dia 2 de maio. Na vota\u00e7\u00e3o dos 284 professores presentes, 235 votaram pela manuten\u00e7\u00e3o da paralisa\u00e7\u00e3o, rejeitando a proposta apresentada pelo Governo do Estado.<\/p>\n\n\n\n<p>A proposta foi apresentada pelo executivo estadual na \u00faltima ter\u00e7a-feira, dia 30 de abril. Diante da recusa de 82,74% categoria em aderir \u00e0 proposta, os docentes seguem com as reivindica\u00e7\u00f5es ao Governo Estadual.<\/p>\n\n\n\n<p>Na proposta do Governo est\u00e1 a aprova\u00e7\u00e3o do Projeto de Lei, que trata das ascens\u00f5es, amplia\u00e7\u00e3o em 25% do quadro de cargos e amplia\u00e7\u00e3o da carreira, trazendo a classe Titular acess\u00edvel por promo\u00e7\u00e3o, a partir de 2026.<\/p>\n\n\n\n<p>Entre as reivindica\u00e7\u00f5es financeiras, al\u00e9m dos 10% de ganho para plano de cargos e carreiras com a integra\u00e7\u00e3o do Titular, haver\u00e1 concess\u00e3o de abono, com pagamento \u00fanico no m\u00eas de dezembro\/2024, alcan\u00e7ando efetivos, aposentados e professores com v\u00ednculo tempor\u00e1rio.<br><\/p>\n\n\n\n<figure class=\"wp-block-image size-full\"><img loading=\"lazy\" decoding=\"async\" width=\"760\" height=\"570\" src=\"https:\/\/blogdorogeriogomes.com.br\/noticias\/wp-content\/uploads\/2024\/05\/1_img_6034-26759256.jpg\" alt=\"\" class=\"wp-image-32519\" srcset=\"https:\/\/blogdorogeriogomes.com.br\/noticias\/wp-content\/uploads\/2024\/05\/1_img_6034-26759256.jpg 760w, https:\/\/blogdorogeriogomes.com.br\/noticias\/wp-content\/uploads\/2024\/05\/1_img_6034-26759256-300x225.jpg 300w, https:\/\/blogdorogeriogomes.com.br\/noticias\/wp-content\/uploads\/2024\/05\/1_img_6034-26759256-400x300.jpg 400w\" sizes=\"auto, (max-width: 760px) 100vw, 760px\" \/><\/figure>\n\n\n\n<p><br><\/p>\n","protected":false},"excerpt":{"rendered":"<p>Os professores da Universidade Estadual do Cear\u00e1 (Uece) recusaram encerrar a greve em uma assembleia realizada nesta quinta-feira, dia 2 de maio. Na vota\u00e7\u00e3o dos 284 professores presentes, 235 votaram pela manuten\u00e7\u00e3o da paralisa\u00e7\u00e3o, rejeitando a proposta apresentada pelo Governo do Estado. A proposta foi apresentada pelo executivo estadual na \u00faltima ter\u00e7a-feira, dia 30 de abril. Diante da recusa de 82,74% categoria em aderir \u00e0 proposta, os docentes seguem com as reivindica\u00e7\u00f5es ao Governo Estadual. Na proposta do Governo&hellip;<\/p>\n","protected":false},"author":1,"featured_media":32519,"comment_status":"open","ping_status":"open","sticky":false,"template":"","format":"standard","meta":{"footnotes":""},"categories":[1],"tags":[],"class_list":["post-32518","post","type-post","status-publish","format-standard","has-post-thumbnail","hentry","category-noticias"],"_links":{"self":[{"href":"https:\/\/blogdorogeriogomes.com.br\/noticias\/wp-json\/wp\/v2\/posts\/32518","targetHints":{"allow":["GET"]}}],"collection":[{"href":"https:\/\/blogdorogeriogomes.com.br\/noticias\/wp-json\/wp\/v2\/posts"}],"about":[{"href":"https:\/\/blogdorogeriogomes.com.br\/noticias\/wp-json\/wp\/v2\/types\/post"}],"author":[{"embeddable":true,"href":"https:\/\/blogdorogeriogomes.com.br\/noticias\/wp-json\/wp\/v2\/users\/1"}],"replies":[{"embeddable":true,"href":"https:\/\/blogdorogeriogomes.com.br\/noticias\/wp-json\/wp\/v2\/comments?post=32518"}],"version-history":[{"count":1,"href":"https:\/\/blogdorogeriogomes.com.br\/noticias\/wp-json\/wp\/v2\/posts\/32518\/revisions"}],"predecessor-version":[{"id":32520,"href":"https:\/\/blogdorogeriogomes.com.br\/noticias\/wp-json\/wp\/v2\/posts\/32518\/revisions\/32520"}],"wp:featuredmedia":[{"embeddable":true,"href":"https:\/\/blogdorogeriogomes.com.br\/noticias\/wp-json\/wp\/v2\/media\/32519"}],"wp:attachment":[{"href":"https:\/\/blogdorogeriogomes.com.br\/noticias\/wp-json\/wp\/v2\/media?parent=32518"}],"wp:term":[{"taxonomy":"category","embeddable":true,"href":"https:\/\/blogdorogeriogomes.com.br\/noticias\/wp-json\/wp\/v2\/categories?post=32518"},{"taxonomy":"post_tag","embeddable":true,"href":"https:\/\/blogdorogeriogomes.com.br\/noticias\/wp-json\/wp\/v2\/tags?post=32518"}],"curies":[{"name":"wp","href":"https:\/\/api.w.org\/{rel}","templated":true}]}}