{"id":32521,"date":"2024-05-03T09:08:00","date_gmt":"2024-05-03T09:08:00","guid":{"rendered":"https:\/\/blogdorogeriogomes.com.br\/noticias\/?p=32521"},"modified":"2024-05-03T09:08:00","modified_gmt":"2024-05-03T09:08:00","slug":"secretario-de-orgao-estadual-do-ceara-e-demitido-apos-usar-carro-oficial-para-uso-particular","status":"publish","type":"post","link":"https:\/\/blogdorogeriogomes.com.br\/noticias\/2024\/05\/secretario-de-orgao-estadual-do-ceara-e-demitido-apos-usar-carro-oficial-para-uso-particular\/","title":{"rendered":"Secret\u00e1rio de \u00f3rg\u00e3o estadual do Cear\u00e1 \u00e9 demitido ap\u00f3s usar carro oficial para uso particular"},"content":{"rendered":"\n<p>O secret\u00e1rio executivo da Secretaria de Recursos H\u00eddricos do Estado do Cear\u00e1, Aderilo Alc\u00e2ntara, foi exonerado nesta quinta-feira, dia 2 de maio, ap\u00f3s ser flagrado usando um ve\u00edculo oficial da pasta para transportar cama, no Bairro Meireles, em Fortaleza. Aderilo j\u00e1 foi prefeito de Iguatu, na regi\u00e3o Centro-Sul do Estado, de 2013 a 2016, e foi secret\u00e1rio-executivo dos Recursos H\u00eddricos por dois mandatos.<\/p>\n\n\n\n<p>O Governo do Cear\u00e1 informou, por nota, que n\u00e3o \u00e9 permitida, em nenhuma hip\u00f3tese, a realiza\u00e7\u00e3o de servi\u00e7os particulares em ve\u00edculos oficiais do estado. Assegurou que t\u00e3o logo tomou conhecimento do fato, o governador Elmano de Freitas (PT) decidiu exonerar o secret\u00e1rio-executivo envolvido no fato.<\/p>\n\n\n\n<figure class=\"wp-block-image size-large\"><img loading=\"lazy\" decoding=\"async\" width=\"1024\" height=\"576\" src=\"https:\/\/blogdorogeriogomes.com.br\/noticias\/wp-content\/uploads\/2024\/05\/srh-1024x576.jpg\" alt=\"\" class=\"wp-image-32522\" srcset=\"https:\/\/blogdorogeriogomes.com.br\/noticias\/wp-content\/uploads\/2024\/05\/srh-1024x576.jpg 1024w, https:\/\/blogdorogeriogomes.com.br\/noticias\/wp-content\/uploads\/2024\/05\/srh-300x169.jpg 300w, https:\/\/blogdorogeriogomes.com.br\/noticias\/wp-content\/uploads\/2024\/05\/srh-768x432.jpg 768w, https:\/\/blogdorogeriogomes.com.br\/noticias\/wp-content\/uploads\/2024\/05\/srh-800x450.jpg 800w, https:\/\/blogdorogeriogomes.com.br\/noticias\/wp-content\/uploads\/2024\/05\/srh.jpg 1080w\" sizes=\"auto, (max-width: 1024px) 100vw, 1024px\" \/><\/figure>\n","protected":false},"excerpt":{"rendered":"<p>O secret\u00e1rio executivo da Secretaria de Recursos H\u00eddricos do Estado do Cear\u00e1, Aderilo Alc\u00e2ntara, foi exonerado nesta quinta-feira, dia 2 de maio, ap\u00f3s ser flagrado usando um ve\u00edculo oficial da pasta para transportar cama, no Bairro Meireles, em Fortaleza. Aderilo j\u00e1 foi prefeito de Iguatu, na regi\u00e3o Centro-Sul do Estado, de 2013 a 2016, e foi secret\u00e1rio-executivo dos Recursos H\u00eddricos por dois mandatos. O Governo do Cear\u00e1 informou, por nota, que n\u00e3o \u00e9 permitida, em nenhuma hip\u00f3tese, a realiza\u00e7\u00e3o&hellip;<\/p>\n","protected":false},"author":1,"featured_media":32522,"comment_status":"open","ping_status":"open","sticky":false,"template":"","format":"standard","meta":{"footnotes":""},"categories":[1],"tags":[],"class_list":["post-32521","post","type-post","status-publish","format-standard","has-post-thumbnail","hentry","category-noticias"],"_links":{"self":[{"href":"https:\/\/blogdorogeriogomes.com.br\/noticias\/wp-json\/wp\/v2\/posts\/32521","targetHints":{"allow":["GET"]}}],"collection":[{"href":"https:\/\/blogdorogeriogomes.com.br\/noticias\/wp-json\/wp\/v2\/posts"}],"about":[{"href":"https:\/\/blogdorogeriogomes.com.br\/noticias\/wp-json\/wp\/v2\/types\/post"}],"author":[{"embeddable":true,"href":"https:\/\/blogdorogeriogomes.com.br\/noticias\/wp-json\/wp\/v2\/users\/1"}],"replies":[{"embeddable":true,"href":"https:\/\/blogdorogeriogomes.com.br\/noticias\/wp-json\/wp\/v2\/comments?post=32521"}],"version-history":[{"count":1,"href":"https:\/\/blogdorogeriogomes.com.br\/noticias\/wp-json\/wp\/v2\/posts\/32521\/revisions"}],"predecessor-version":[{"id":32523,"href":"https:\/\/blogdorogeriogomes.com.br\/noticias\/wp-json\/wp\/v2\/posts\/32521\/revisions\/32523"}],"wp:featuredmedia":[{"embeddable":true,"href":"https:\/\/blogdorogeriogomes.com.br\/noticias\/wp-json\/wp\/v2\/media\/32522"}],"wp:attachment":[{"href":"https:\/\/blogdorogeriogomes.com.br\/noticias\/wp-json\/wp\/v2\/media?parent=32521"}],"wp:term":[{"taxonomy":"category","embeddable":true,"href":"https:\/\/blogdorogeriogomes.com.br\/noticias\/wp-json\/wp\/v2\/categories?post=32521"},{"taxonomy":"post_tag","embeddable":true,"href":"https:\/\/blogdorogeriogomes.com.br\/noticias\/wp-json\/wp\/v2\/tags?post=32521"}],"curies":[{"name":"wp","href":"https:\/\/api.w.org\/{rel}","templated":true}]}}