{"id":32524,"date":"2024-05-03T09:23:31","date_gmt":"2024-05-03T09:23:31","guid":{"rendered":"https:\/\/blogdorogeriogomes.com.br\/noticias\/?p=32524"},"modified":"2024-05-03T09:23:31","modified_gmt":"2024-05-03T09:23:31","slug":"prefeitura-de-fortaleza-prorroga-validade-de-carteira-estudantil-2023-por-mais-15-dias","status":"publish","type":"post","link":"https:\/\/blogdorogeriogomes.com.br\/noticias\/2024\/05\/prefeitura-de-fortaleza-prorroga-validade-de-carteira-estudantil-2023-por-mais-15-dias\/","title":{"rendered":"Prefeitura de Fortaleza prorroga validade de carteira estudantil 2023 por mais 15 dias"},"content":{"rendered":"\n<p>O prefeito de Fortaleza, Jos\u00e9 Sarto, determinou, nesta quinta-feira, dia 2 de maio, a prorroga\u00e7\u00e3o das carteiras estudantis 2023 por mais 15 dias para os alunos que j\u00e1 solicitaram e n\u00e3o receberam o documento de 2024. Assim, o antigo documento segue v\u00e1lido at\u00e9 o dia 17 de maio. Aqueles que j\u00e1 possuem a nova carteira 2024 podem utiliz\u00e1-la no transporte coletivo normalmente.<\/p>\n\n\n\n<p>O objetivo da prorroga\u00e7\u00e3o \u00e9 que os estudantes n\u00e3o sejam prejudicados e possam usufruir dos benef\u00edcios do Passe Livre e da tarifa estudantil no valor de R$ 1,50. Para utilizar o documento de 2023, o titular da carteira, que j\u00e1 fez sua solicita\u00e7\u00e3o, deve comparecer \u00e0 Empresa de Transporte Urbano de Fortaleza (Etufor) com os documentos de identifica\u00e7\u00e3o para efetivar o desbloqueio.<\/p>\n\n\n\n<figure class=\"wp-block-image size-full\"><img loading=\"lazy\" decoding=\"async\" width=\"678\" height=\"452\" src=\"https:\/\/blogdorogeriogomes.com.br\/noticias\/wp-content\/uploads\/2024\/05\/images-95.jpeg\" alt=\"\" class=\"wp-image-32525\" srcset=\"https:\/\/blogdorogeriogomes.com.br\/noticias\/wp-content\/uploads\/2024\/05\/images-95.jpeg 678w, https:\/\/blogdorogeriogomes.com.br\/noticias\/wp-content\/uploads\/2024\/05\/images-95-300x200.jpeg 300w\" sizes=\"auto, (max-width: 678px) 100vw, 678px\" \/><\/figure>\n","protected":false},"excerpt":{"rendered":"<p>O prefeito de Fortaleza, Jos\u00e9 Sarto, determinou, nesta quinta-feira, dia 2 de maio, a prorroga\u00e7\u00e3o das carteiras estudantis 2023 por mais 15 dias para os alunos que j\u00e1 solicitaram e n\u00e3o receberam o documento de 2024. Assim, o antigo documento segue v\u00e1lido at\u00e9 o dia 17 de maio. Aqueles que j\u00e1 possuem a nova carteira 2024 podem utiliz\u00e1-la no transporte coletivo normalmente. O objetivo da prorroga\u00e7\u00e3o \u00e9 que os estudantes n\u00e3o sejam prejudicados e possam usufruir dos benef\u00edcios do&hellip;<\/p>\n","protected":false},"author":1,"featured_media":32525,"comment_status":"open","ping_status":"open","sticky":false,"template":"","format":"standard","meta":{"footnotes":""},"categories":[1],"tags":[],"class_list":["post-32524","post","type-post","status-publish","format-standard","has-post-thumbnail","hentry","category-noticias"],"_links":{"self":[{"href":"https:\/\/blogdorogeriogomes.com.br\/noticias\/wp-json\/wp\/v2\/posts\/32524","targetHints":{"allow":["GET"]}}],"collection":[{"href":"https:\/\/blogdorogeriogomes.com.br\/noticias\/wp-json\/wp\/v2\/posts"}],"about":[{"href":"https:\/\/blogdorogeriogomes.com.br\/noticias\/wp-json\/wp\/v2\/types\/post"}],"author":[{"embeddable":true,"href":"https:\/\/blogdorogeriogomes.com.br\/noticias\/wp-json\/wp\/v2\/users\/1"}],"replies":[{"embeddable":true,"href":"https:\/\/blogdorogeriogomes.com.br\/noticias\/wp-json\/wp\/v2\/comments?post=32524"}],"version-history":[{"count":1,"href":"https:\/\/blogdorogeriogomes.com.br\/noticias\/wp-json\/wp\/v2\/posts\/32524\/revisions"}],"predecessor-version":[{"id":32526,"href":"https:\/\/blogdorogeriogomes.com.br\/noticias\/wp-json\/wp\/v2\/posts\/32524\/revisions\/32526"}],"wp:featuredmedia":[{"embeddable":true,"href":"https:\/\/blogdorogeriogomes.com.br\/noticias\/wp-json\/wp\/v2\/media\/32525"}],"wp:attachment":[{"href":"https:\/\/blogdorogeriogomes.com.br\/noticias\/wp-json\/wp\/v2\/media?parent=32524"}],"wp:term":[{"taxonomy":"category","embeddable":true,"href":"https:\/\/blogdorogeriogomes.com.br\/noticias\/wp-json\/wp\/v2\/categories?post=32524"},{"taxonomy":"post_tag","embeddable":true,"href":"https:\/\/blogdorogeriogomes.com.br\/noticias\/wp-json\/wp\/v2\/tags?post=32524"}],"curies":[{"name":"wp","href":"https:\/\/api.w.org\/{rel}","templated":true}]}}