{"id":32530,"date":"2024-05-05T07:31:25","date_gmt":"2024-05-05T07:31:25","guid":{"rendered":"https:\/\/blogdorogeriogomes.com.br\/noticias\/?p=32530"},"modified":"2024-05-05T07:31:26","modified_gmt":"2024-05-05T07:31:26","slug":"pre-candidatos-de-psol-e-rede-se-unem-em-chapa-para-a-prefeitura-de-fortaleza-em-2024","status":"publish","type":"post","link":"https:\/\/blogdorogeriogomes.com.br\/noticias\/2024\/05\/pre-candidatos-de-psol-e-rede-se-unem-em-chapa-para-a-prefeitura-de-fortaleza-em-2024\/","title":{"rendered":"Pr\u00e9-candidatos de Psol e Rede se unem em chapa para a Prefeitura de Fortaleza em 2024"},"content":{"rendered":"\n<p>A Federa\u00e7\u00e3o PSOL\/Rede anunciou a escolha das pr\u00e9-candidaturas de T\u00e9cio Nunes (PSOL) ao cargo de prefeito e de Cindy Carvalho (Rede) ao cargo de vice-prefeita. At\u00e9 ent\u00e3o, os dois partidos iriam lan\u00e7ar candidaturas pr\u00f3prias na Capital.<\/p>\n\n\n\n<p>O cen\u00e1rio da disputa eleitoral em Fortaleza come\u00e7a a ficar desenhado. O prefeito Jos\u00e9 Sarto (PDT) busca sua reelei\u00e7\u00e3o, e Evandro Leit\u00e3o (PT), deputado estadual, foi outro nome definido recentemente. Outros nomes apresentados s\u00e3o: Capit\u00e3o Wagner Souza, presidente estadual do Uni\u00e3o Brasil; Andr\u00e9 Fernandes (PL), deputado federal; e o senador Eduardo Gir\u00e3o (Novo).<\/p>\n\n\n\n<figure class=\"wp-block-image size-large\"><img loading=\"lazy\" decoding=\"async\" width=\"1024\" height=\"768\" src=\"https:\/\/blogdorogeriogomes.com.br\/noticias\/wp-content\/uploads\/2024\/05\/IMG-20240504-WA0074-1024x768.jpg\" alt=\"\" class=\"wp-image-32531\" srcset=\"https:\/\/blogdorogeriogomes.com.br\/noticias\/wp-content\/uploads\/2024\/05\/IMG-20240504-WA0074-1024x768.jpg 1024w, https:\/\/blogdorogeriogomes.com.br\/noticias\/wp-content\/uploads\/2024\/05\/IMG-20240504-WA0074-300x225.jpg 300w, https:\/\/blogdorogeriogomes.com.br\/noticias\/wp-content\/uploads\/2024\/05\/IMG-20240504-WA0074-768x576.jpg 768w, https:\/\/blogdorogeriogomes.com.br\/noticias\/wp-content\/uploads\/2024\/05\/IMG-20240504-WA0074-1536x1152.jpg 1536w, https:\/\/blogdorogeriogomes.com.br\/noticias\/wp-content\/uploads\/2024\/05\/IMG-20240504-WA0074-800x600.jpg 800w, https:\/\/blogdorogeriogomes.com.br\/noticias\/wp-content\/uploads\/2024\/05\/IMG-20240504-WA0074-400x300.jpg 400w, https:\/\/blogdorogeriogomes.com.br\/noticias\/wp-content\/uploads\/2024\/05\/IMG-20240504-WA0074.jpg 1600w\" sizes=\"auto, (max-width: 1024px) 100vw, 1024px\" \/><\/figure>\n","protected":false},"excerpt":{"rendered":"<p>A Federa\u00e7\u00e3o PSOL\/Rede anunciou a escolha das pr\u00e9-candidaturas de T\u00e9cio Nunes (PSOL) ao cargo de prefeito e de Cindy Carvalho (Rede) ao cargo de vice-prefeita. At\u00e9 ent\u00e3o, os dois partidos iriam lan\u00e7ar candidaturas pr\u00f3prias na Capital. O cen\u00e1rio da disputa eleitoral em Fortaleza come\u00e7a a ficar desenhado. O prefeito Jos\u00e9 Sarto (PDT) busca sua reelei\u00e7\u00e3o, e Evandro Leit\u00e3o (PT), deputado estadual, foi outro nome definido recentemente. Outros nomes apresentados s\u00e3o: Capit\u00e3o Wagner Souza, presidente estadual do Uni\u00e3o Brasil; Andr\u00e9&hellip;<\/p>\n","protected":false},"author":1,"featured_media":32531,"comment_status":"open","ping_status":"open","sticky":false,"template":"","format":"standard","meta":{"footnotes":""},"categories":[1],"tags":[],"class_list":["post-32530","post","type-post","status-publish","format-standard","has-post-thumbnail","hentry","category-noticias"],"_links":{"self":[{"href":"https:\/\/blogdorogeriogomes.com.br\/noticias\/wp-json\/wp\/v2\/posts\/32530","targetHints":{"allow":["GET"]}}],"collection":[{"href":"https:\/\/blogdorogeriogomes.com.br\/noticias\/wp-json\/wp\/v2\/posts"}],"about":[{"href":"https:\/\/blogdorogeriogomes.com.br\/noticias\/wp-json\/wp\/v2\/types\/post"}],"author":[{"embeddable":true,"href":"https:\/\/blogdorogeriogomes.com.br\/noticias\/wp-json\/wp\/v2\/users\/1"}],"replies":[{"embeddable":true,"href":"https:\/\/blogdorogeriogomes.com.br\/noticias\/wp-json\/wp\/v2\/comments?post=32530"}],"version-history":[{"count":1,"href":"https:\/\/blogdorogeriogomes.com.br\/noticias\/wp-json\/wp\/v2\/posts\/32530\/revisions"}],"predecessor-version":[{"id":32532,"href":"https:\/\/blogdorogeriogomes.com.br\/noticias\/wp-json\/wp\/v2\/posts\/32530\/revisions\/32532"}],"wp:featuredmedia":[{"embeddable":true,"href":"https:\/\/blogdorogeriogomes.com.br\/noticias\/wp-json\/wp\/v2\/media\/32531"}],"wp:attachment":[{"href":"https:\/\/blogdorogeriogomes.com.br\/noticias\/wp-json\/wp\/v2\/media?parent=32530"}],"wp:term":[{"taxonomy":"category","embeddable":true,"href":"https:\/\/blogdorogeriogomes.com.br\/noticias\/wp-json\/wp\/v2\/categories?post=32530"},{"taxonomy":"post_tag","embeddable":true,"href":"https:\/\/blogdorogeriogomes.com.br\/noticias\/wp-json\/wp\/v2\/tags?post=32530"}],"curies":[{"name":"wp","href":"https:\/\/api.w.org\/{rel}","templated":true}]}}