{"id":32542,"date":"2024-05-06T13:15:38","date_gmt":"2024-05-06T13:15:38","guid":{"rendered":"https:\/\/blogdorogeriogomes.com.br\/noticias\/?p=32542"},"modified":"2024-05-06T13:15:38","modified_gmt":"2024-05-06T13:15:38","slug":"internado-com-erisipela-jair-bolsonaro-sera-transferido-de-manaus-para-hospital-em-brasilia-em-uti-aerea","status":"publish","type":"post","link":"https:\/\/blogdorogeriogomes.com.br\/noticias\/2024\/05\/internado-com-erisipela-jair-bolsonaro-sera-transferido-de-manaus-para-hospital-em-brasilia-em-uti-aerea\/","title":{"rendered":"Internado com erisipela, Jair Bolsonaro ser\u00e1 transferido de Manaus para hospital em Bras\u00edlia em UTI a\u00e9rea"},"content":{"rendered":"\n<p>Internado em Manaus com uma infec\u00e7\u00e3o na pele identificada como \u201cerisipela\u201d, o ex-presidente Jair Bolsonaro ser\u00e1 transferido para um hospital particular em Bras\u00edlia nesta segunda-feira, dia 6 de maio, em uma UTI a\u00e9rea, acompanhado de pelo menos dois m\u00e9dicos intensivistas.\u00a0Durante viagem a Manaus, no fim de semana, o extremista foi internado duas vezes. Bolsonaro foi a Manaus para participar de evento de lan\u00e7amento de uma candidatura do PL \u00e0 Prefeitura da Capital amazonense.<\/p>\n\n\n\n<p>A erisipela \u00e9 uma infec\u00e7\u00e3o bacteriana da pele que geralmente afeta as pernas, mas pode ocorrer em outras partes do corpo. Ela \u00e9 causada principalmente pela bact\u00e9ria Streptococcus pyogenes, tamb\u00e9m conhecida como estreptococo beta-hemol\u00edtico do grupo A. A infec\u00e7\u00e3o resulta em \u00e1reas da pele vermelhas, inflamadas, quentes e doloridas, muitas vezes acompanhadas por febre e calafrios.<\/p>\n\n\n\n<figure class=\"wp-block-image size-full\"><img loading=\"lazy\" decoding=\"async\" width=\"735\" height=\"400\" src=\"https:\/\/blogdorogeriogomes.com.br\/noticias\/wp-content\/uploads\/2024\/05\/images.jpeg\" alt=\"\" class=\"wp-image-32543\" srcset=\"https:\/\/blogdorogeriogomes.com.br\/noticias\/wp-content\/uploads\/2024\/05\/images.jpeg 735w, https:\/\/blogdorogeriogomes.com.br\/noticias\/wp-content\/uploads\/2024\/05\/images-300x163.jpeg 300w\" sizes=\"auto, (max-width: 735px) 100vw, 735px\" \/><\/figure>\n","protected":false},"excerpt":{"rendered":"<p>Internado em Manaus com uma infec\u00e7\u00e3o na pele identificada como \u201cerisipela\u201d, o ex-presidente Jair Bolsonaro ser\u00e1 transferido para um hospital particular em Bras\u00edlia nesta segunda-feira, dia 6 de maio, em uma UTI a\u00e9rea, acompanhado de pelo menos dois m\u00e9dicos intensivistas.\u00a0Durante viagem a Manaus, no fim de semana, o extremista foi internado duas vezes. Bolsonaro foi a Manaus para participar de evento de lan\u00e7amento de uma candidatura do PL \u00e0 Prefeitura da Capital amazonense. A erisipela \u00e9 uma infec\u00e7\u00e3o bacteriana&hellip;<\/p>\n","protected":false},"author":1,"featured_media":32543,"comment_status":"open","ping_status":"open","sticky":false,"template":"","format":"standard","meta":{"footnotes":""},"categories":[1],"tags":[],"class_list":["post-32542","post","type-post","status-publish","format-standard","has-post-thumbnail","hentry","category-noticias"],"_links":{"self":[{"href":"https:\/\/blogdorogeriogomes.com.br\/noticias\/wp-json\/wp\/v2\/posts\/32542","targetHints":{"allow":["GET"]}}],"collection":[{"href":"https:\/\/blogdorogeriogomes.com.br\/noticias\/wp-json\/wp\/v2\/posts"}],"about":[{"href":"https:\/\/blogdorogeriogomes.com.br\/noticias\/wp-json\/wp\/v2\/types\/post"}],"author":[{"embeddable":true,"href":"https:\/\/blogdorogeriogomes.com.br\/noticias\/wp-json\/wp\/v2\/users\/1"}],"replies":[{"embeddable":true,"href":"https:\/\/blogdorogeriogomes.com.br\/noticias\/wp-json\/wp\/v2\/comments?post=32542"}],"version-history":[{"count":1,"href":"https:\/\/blogdorogeriogomes.com.br\/noticias\/wp-json\/wp\/v2\/posts\/32542\/revisions"}],"predecessor-version":[{"id":32544,"href":"https:\/\/blogdorogeriogomes.com.br\/noticias\/wp-json\/wp\/v2\/posts\/32542\/revisions\/32544"}],"wp:featuredmedia":[{"embeddable":true,"href":"https:\/\/blogdorogeriogomes.com.br\/noticias\/wp-json\/wp\/v2\/media\/32543"}],"wp:attachment":[{"href":"https:\/\/blogdorogeriogomes.com.br\/noticias\/wp-json\/wp\/v2\/media?parent=32542"}],"wp:term":[{"taxonomy":"category","embeddable":true,"href":"https:\/\/blogdorogeriogomes.com.br\/noticias\/wp-json\/wp\/v2\/categories?post=32542"},{"taxonomy":"post_tag","embeddable":true,"href":"https:\/\/blogdorogeriogomes.com.br\/noticias\/wp-json\/wp\/v2\/tags?post=32542"}],"curies":[{"name":"wp","href":"https:\/\/api.w.org\/{rel}","templated":true}]}}