{"id":32549,"date":"2024-05-06T13:42:26","date_gmt":"2024-05-06T13:42:26","guid":{"rendered":"https:\/\/blogdorogeriogomes.com.br\/noticias\/?p=32549"},"modified":"2024-05-06T13:42:26","modified_gmt":"2024-05-06T13:42:26","slug":"governo-do-ceara-lanca-projeto-para-formacao-de-profissionais-na-area-de-energias-renovaveis","status":"publish","type":"post","link":"https:\/\/blogdorogeriogomes.com.br\/noticias\/2024\/05\/governo-do-ceara-lanca-projeto-para-formacao-de-profissionais-na-area-de-energias-renovaveis\/","title":{"rendered":"Governo do Cear\u00e1 lan\u00e7a projeto para forma\u00e7\u00e3o de profissionais na \u00e1rea de energias renov\u00e1veis"},"content":{"rendered":"\n<p>O Governo do Cear\u00e1, por meio da Secretaria da Ci\u00eancia, Tecnologia e Educa\u00e7\u00e3o Superior (Secitece), lan\u00e7a nesta segunda-feira, dia 6 de maio, o Projeto H-Tec \u2013 Qualifica\u00e7\u00e3o e Fortalecimento da Cadeia Produtiva em Energias Renov\u00e1veis no Cear\u00e1. O evento acontece no Museu da Imagem e do Som Chico Albuquerque com as presen\u00e7as do governador Elmano de Freitas e da titular da Secitece, Sandra Monteiro. Nesta primeira fase, a iniciativa prev\u00ea habilitar 1.050 multiplicadores para instruir e formar futuros t\u00e9cnicos.<\/p>\n\n\n\n<p>O projeto tem como principal objetivo dar suporte para o setor de energias renov\u00e1veis, por meio da capacita\u00e7\u00e3o de profissionais qualificados, contando com parceria da Secretaria do Trabalho do Cear\u00e1 (SET); Secretaria da Educa\u00e7\u00e3o do Cear\u00e1 (Seduc); Secretaria do Desenvolvimento Econ\u00f4mico do Cear\u00e1 (SDE); Universidade Federal do Cear\u00e1 (UFC); Universidade Estadual do Cear\u00e1 (Uece); Instituto Federal de Educa\u00e7\u00e3o, Ci\u00eancia e Tecnologia do Cear\u00e1 (IFCE); e Instituto Centro de Ensino Tecnol\u00f3gico (Centec). Al\u00e9m disso, conta com apoio do Minist\u00e9rio da Ci\u00eancia, Tecnologia e Inova\u00e7\u00e3o (MCTI) e da Funda\u00e7\u00e3o Cearense de Apoio ao Desenvolvimento Cient\u00edfico e Tecnol\u00f3gico (Funcap).<\/p>\n\n\n\n<figure class=\"wp-block-image size-full\"><img loading=\"lazy\" decoding=\"async\" width=\"678\" height=\"452\" src=\"https:\/\/blogdorogeriogomes.com.br\/noticias\/wp-content\/uploads\/2024\/05\/images-1.jpeg\" alt=\"\" class=\"wp-image-32550\" srcset=\"https:\/\/blogdorogeriogomes.com.br\/noticias\/wp-content\/uploads\/2024\/05\/images-1.jpeg 678w, https:\/\/blogdorogeriogomes.com.br\/noticias\/wp-content\/uploads\/2024\/05\/images-1-300x200.jpeg 300w\" sizes=\"auto, (max-width: 678px) 100vw, 678px\" \/><\/figure>\n","protected":false},"excerpt":{"rendered":"<p>O Governo do Cear\u00e1, por meio da Secretaria da Ci\u00eancia, Tecnologia e Educa\u00e7\u00e3o Superior (Secitece), lan\u00e7a nesta segunda-feira, dia 6 de maio, o Projeto H-Tec \u2013 Qualifica\u00e7\u00e3o e Fortalecimento da Cadeia Produtiva em Energias Renov\u00e1veis no Cear\u00e1. O evento acontece no Museu da Imagem e do Som Chico Albuquerque com as presen\u00e7as do governador Elmano de Freitas e da titular da Secitece, Sandra Monteiro. Nesta primeira fase, a iniciativa prev\u00ea habilitar 1.050 multiplicadores para instruir e formar futuros t\u00e9cnicos.&hellip;<\/p>\n","protected":false},"author":1,"featured_media":32550,"comment_status":"open","ping_status":"open","sticky":false,"template":"","format":"standard","meta":{"footnotes":""},"categories":[1],"tags":[],"class_list":["post-32549","post","type-post","status-publish","format-standard","has-post-thumbnail","hentry","category-noticias"],"_links":{"self":[{"href":"https:\/\/blogdorogeriogomes.com.br\/noticias\/wp-json\/wp\/v2\/posts\/32549","targetHints":{"allow":["GET"]}}],"collection":[{"href":"https:\/\/blogdorogeriogomes.com.br\/noticias\/wp-json\/wp\/v2\/posts"}],"about":[{"href":"https:\/\/blogdorogeriogomes.com.br\/noticias\/wp-json\/wp\/v2\/types\/post"}],"author":[{"embeddable":true,"href":"https:\/\/blogdorogeriogomes.com.br\/noticias\/wp-json\/wp\/v2\/users\/1"}],"replies":[{"embeddable":true,"href":"https:\/\/blogdorogeriogomes.com.br\/noticias\/wp-json\/wp\/v2\/comments?post=32549"}],"version-history":[{"count":1,"href":"https:\/\/blogdorogeriogomes.com.br\/noticias\/wp-json\/wp\/v2\/posts\/32549\/revisions"}],"predecessor-version":[{"id":32551,"href":"https:\/\/blogdorogeriogomes.com.br\/noticias\/wp-json\/wp\/v2\/posts\/32549\/revisions\/32551"}],"wp:featuredmedia":[{"embeddable":true,"href":"https:\/\/blogdorogeriogomes.com.br\/noticias\/wp-json\/wp\/v2\/media\/32550"}],"wp:attachment":[{"href":"https:\/\/blogdorogeriogomes.com.br\/noticias\/wp-json\/wp\/v2\/media?parent=32549"}],"wp:term":[{"taxonomy":"category","embeddable":true,"href":"https:\/\/blogdorogeriogomes.com.br\/noticias\/wp-json\/wp\/v2\/categories?post=32549"},{"taxonomy":"post_tag","embeddable":true,"href":"https:\/\/blogdorogeriogomes.com.br\/noticias\/wp-json\/wp\/v2\/tags?post=32549"}],"curies":[{"name":"wp","href":"https:\/\/api.w.org\/{rel}","templated":true}]}}