{"id":32552,"date":"2024-05-06T13:51:03","date_gmt":"2024-05-06T13:51:03","guid":{"rendered":"https:\/\/blogdorogeriogomes.com.br\/noticias\/?p=32552"},"modified":"2024-05-06T13:51:03","modified_gmt":"2024-05-06T13:51:03","slug":"prefeitura-da-capital-entrega-requalificacao-de-escola-e-creche-no-democrito-rocha-nesta-segunda-feira","status":"publish","type":"post","link":"https:\/\/blogdorogeriogomes.com.br\/noticias\/2024\/05\/prefeitura-da-capital-entrega-requalificacao-de-escola-e-creche-no-democrito-rocha-nesta-segunda-feira\/","title":{"rendered":"Prefeitura da Capital entrega requalifica\u00e7\u00e3o de escola e creche no Dem\u00f3crito Rocha nesta segunda-feira\u00a0"},"content":{"rendered":"\n<p>A Prefeitura de Fortaleza entrega, nesta segunda-feira, dia 6 de maio, a requalifica\u00e7\u00e3o de dois equipamentos de Educa\u00e7\u00e3o no bairro Dem\u00f3crito Rocha: Escola Municipal e Centro de Educa\u00e7\u00e3o Infantil (CEI) Paulo Sarasate. As interven\u00e7\u00f5es beneficiam mais de 700 estudantes, conferindo melhorias estruturais, mais conforto, seguran\u00e7a e acessibilidade para a comunidade escolar.<\/p>\n\n\n\n<p>Com estes dois equipamentos, a Prefeitura soma 34 unidades de educa\u00e7\u00e3o totalmente reformadas desde 2021. As obras, executadas pela Secretaria Municipal da Infraestrutura (Seinf), contemplaram toda a recupera\u00e7\u00e3o estrutural da fachada, execu\u00e7\u00e3o de novo piso industrial e recomposi\u00e7\u00e3o em todo o equipamento, pinturas, reforma dos banheiros, instala\u00e7\u00e3o de itens de acessibilidade, manuten\u00e7\u00e3o de toda o sistema hidr\u00e1ulico, el\u00e9trico e sistema de combate a inc\u00eandios, al\u00e9m da reestrutura\u00e7\u00e3o da caixa d\u2019\u00e1gua.<\/p>\n\n\n\n<figure class=\"wp-block-image size-full\"><img loading=\"lazy\" decoding=\"async\" width=\"800\" height=\"600\" src=\"https:\/\/blogdorogeriogomes.com.br\/noticias\/wp-content\/uploads\/2024\/05\/1_requalificacao_obras_fortaleza-22103873.jpeg\" alt=\"\" class=\"wp-image-32553\" srcset=\"https:\/\/blogdorogeriogomes.com.br\/noticias\/wp-content\/uploads\/2024\/05\/1_requalificacao_obras_fortaleza-22103873.jpeg 800w, https:\/\/blogdorogeriogomes.com.br\/noticias\/wp-content\/uploads\/2024\/05\/1_requalificacao_obras_fortaleza-22103873-300x225.jpeg 300w, https:\/\/blogdorogeriogomes.com.br\/noticias\/wp-content\/uploads\/2024\/05\/1_requalificacao_obras_fortaleza-22103873-768x576.jpeg 768w, https:\/\/blogdorogeriogomes.com.br\/noticias\/wp-content\/uploads\/2024\/05\/1_requalificacao_obras_fortaleza-22103873-400x300.jpeg 400w\" sizes=\"auto, (max-width: 800px) 100vw, 800px\" \/><\/figure>\n","protected":false},"excerpt":{"rendered":"<p>A Prefeitura de Fortaleza entrega, nesta segunda-feira, dia 6 de maio, a requalifica\u00e7\u00e3o de dois equipamentos de Educa\u00e7\u00e3o no bairro Dem\u00f3crito Rocha: Escola Municipal e Centro de Educa\u00e7\u00e3o Infantil (CEI) Paulo Sarasate. As interven\u00e7\u00f5es beneficiam mais de 700 estudantes, conferindo melhorias estruturais, mais conforto, seguran\u00e7a e acessibilidade para a comunidade escolar. Com estes dois equipamentos, a Prefeitura soma 34 unidades de educa\u00e7\u00e3o totalmente reformadas desde 2021. As obras, executadas pela Secretaria Municipal da Infraestrutura (Seinf), contemplaram toda a recupera\u00e7\u00e3o&hellip;<\/p>\n","protected":false},"author":1,"featured_media":32553,"comment_status":"open","ping_status":"open","sticky":false,"template":"","format":"standard","meta":{"footnotes":""},"categories":[1],"tags":[],"class_list":["post-32552","post","type-post","status-publish","format-standard","has-post-thumbnail","hentry","category-noticias"],"_links":{"self":[{"href":"https:\/\/blogdorogeriogomes.com.br\/noticias\/wp-json\/wp\/v2\/posts\/32552","targetHints":{"allow":["GET"]}}],"collection":[{"href":"https:\/\/blogdorogeriogomes.com.br\/noticias\/wp-json\/wp\/v2\/posts"}],"about":[{"href":"https:\/\/blogdorogeriogomes.com.br\/noticias\/wp-json\/wp\/v2\/types\/post"}],"author":[{"embeddable":true,"href":"https:\/\/blogdorogeriogomes.com.br\/noticias\/wp-json\/wp\/v2\/users\/1"}],"replies":[{"embeddable":true,"href":"https:\/\/blogdorogeriogomes.com.br\/noticias\/wp-json\/wp\/v2\/comments?post=32552"}],"version-history":[{"count":1,"href":"https:\/\/blogdorogeriogomes.com.br\/noticias\/wp-json\/wp\/v2\/posts\/32552\/revisions"}],"predecessor-version":[{"id":32554,"href":"https:\/\/blogdorogeriogomes.com.br\/noticias\/wp-json\/wp\/v2\/posts\/32552\/revisions\/32554"}],"wp:featuredmedia":[{"embeddable":true,"href":"https:\/\/blogdorogeriogomes.com.br\/noticias\/wp-json\/wp\/v2\/media\/32553"}],"wp:attachment":[{"href":"https:\/\/blogdorogeriogomes.com.br\/noticias\/wp-json\/wp\/v2\/media?parent=32552"}],"wp:term":[{"taxonomy":"category","embeddable":true,"href":"https:\/\/blogdorogeriogomes.com.br\/noticias\/wp-json\/wp\/v2\/categories?post=32552"},{"taxonomy":"post_tag","embeddable":true,"href":"https:\/\/blogdorogeriogomes.com.br\/noticias\/wp-json\/wp\/v2\/tags?post=32552"}],"curies":[{"name":"wp","href":"https:\/\/api.w.org\/{rel}","templated":true}]}}