{"id":32558,"date":"2024-05-07T11:47:55","date_gmt":"2024-05-07T11:47:55","guid":{"rendered":"https:\/\/blogdorogeriogomes.com.br\/noticias\/?p=32558"},"modified":"2024-05-07T11:47:56","modified_gmt":"2024-05-07T11:47:56","slug":"relator-da-cpi-da-enel-na-assembleia-legislativa-apresenta-relatorio-nesta-terca-feira","status":"publish","type":"post","link":"https:\/\/blogdorogeriogomes.com.br\/noticias\/2024\/05\/relator-da-cpi-da-enel-na-assembleia-legislativa-apresenta-relatorio-nesta-terca-feira\/","title":{"rendered":"Relator da CPI da Enel na Assembleia Legislativa apresenta relat\u00f3rio nesta ter\u00e7a-feira"},"content":{"rendered":"\n<p>O relator da\u00a0CPI da Enel na Assembleia Legislativa do Cear\u00e1, deputado estadual\u00a0Guilherme Landim (PDT), apresenta nesta ter\u00e7a-feira, dia 7 de maio, o<strong>\u00a0<\/strong>relat\u00f3rio final das investiga\u00e7\u00f5es contra a distribuidora de energia. O documento, que tem mais de 300 p\u00e1ginas, ir\u00e1 indicar irregularidades cometidas pela empresa e solicitar puni\u00e7\u00f5es.\u00a0<\/p>\n\n\n\n<p>O parecer do relator, no entanto, precisa ser aprovado pelos membros do colegiado e, posteriormente, pelo plen\u00e1rio da Casa para poder ser enviado aos \u00f3rg\u00e3os competentes. A expectativa \u00e9 que as vota\u00e7\u00f5es ocorram nesta ter\u00e7a, na comiss\u00e3o, e na quarta, no plen\u00e1rio.&nbsp;<\/p>\n\n\n\n<p>A entrega do relat\u00f3rio final deve encerrar os trabalhos da CPI da Enel, que j\u00e1 dura cerca de nove meses. A cria\u00e7\u00e3o da comiss\u00e3o come\u00e7ou a ser discutida ainda em 2022, depois da aplica\u00e7\u00e3o de um reajuste hist\u00f3rico pela companhia, de 24%, nas contas dos consumidores cearenses. O colegiado, todavia, s\u00f3 foi instalado oficialmente em agosto de 2023.&nbsp;&nbsp;<\/p>\n\n\n\n<figure class=\"wp-block-image size-full\"><img loading=\"lazy\" decoding=\"async\" width=\"479\" height=\"270\" src=\"https:\/\/blogdorogeriogomes.com.br\/noticias\/wp-content\/uploads\/2024\/05\/CPI-ENELLLL.jpg\" alt=\"\" class=\"wp-image-32559\" srcset=\"https:\/\/blogdorogeriogomes.com.br\/noticias\/wp-content\/uploads\/2024\/05\/CPI-ENELLLL.jpg 479w, https:\/\/blogdorogeriogomes.com.br\/noticias\/wp-content\/uploads\/2024\/05\/CPI-ENELLLL-300x169.jpg 300w\" sizes=\"auto, (max-width: 479px) 100vw, 479px\" \/><\/figure>\n","protected":false},"excerpt":{"rendered":"<p>O relator da\u00a0CPI da Enel na Assembleia Legislativa do Cear\u00e1, deputado estadual\u00a0Guilherme Landim (PDT), apresenta nesta ter\u00e7a-feira, dia 7 de maio, o\u00a0relat\u00f3rio final das investiga\u00e7\u00f5es contra a distribuidora de energia. O documento, que tem mais de 300 p\u00e1ginas, ir\u00e1 indicar irregularidades cometidas pela empresa e solicitar puni\u00e7\u00f5es.\u00a0 O parecer do relator, no entanto, precisa ser aprovado pelos membros do colegiado e, posteriormente, pelo plen\u00e1rio da Casa para poder ser enviado aos \u00f3rg\u00e3os competentes. A expectativa \u00e9 que as vota\u00e7\u00f5es&hellip;<\/p>\n","protected":false},"author":1,"featured_media":32559,"comment_status":"open","ping_status":"open","sticky":false,"template":"","format":"standard","meta":{"footnotes":""},"categories":[1],"tags":[],"class_list":["post-32558","post","type-post","status-publish","format-standard","has-post-thumbnail","hentry","category-noticias"],"_links":{"self":[{"href":"https:\/\/blogdorogeriogomes.com.br\/noticias\/wp-json\/wp\/v2\/posts\/32558","targetHints":{"allow":["GET"]}}],"collection":[{"href":"https:\/\/blogdorogeriogomes.com.br\/noticias\/wp-json\/wp\/v2\/posts"}],"about":[{"href":"https:\/\/blogdorogeriogomes.com.br\/noticias\/wp-json\/wp\/v2\/types\/post"}],"author":[{"embeddable":true,"href":"https:\/\/blogdorogeriogomes.com.br\/noticias\/wp-json\/wp\/v2\/users\/1"}],"replies":[{"embeddable":true,"href":"https:\/\/blogdorogeriogomes.com.br\/noticias\/wp-json\/wp\/v2\/comments?post=32558"}],"version-history":[{"count":1,"href":"https:\/\/blogdorogeriogomes.com.br\/noticias\/wp-json\/wp\/v2\/posts\/32558\/revisions"}],"predecessor-version":[{"id":32560,"href":"https:\/\/blogdorogeriogomes.com.br\/noticias\/wp-json\/wp\/v2\/posts\/32558\/revisions\/32560"}],"wp:featuredmedia":[{"embeddable":true,"href":"https:\/\/blogdorogeriogomes.com.br\/noticias\/wp-json\/wp\/v2\/media\/32559"}],"wp:attachment":[{"href":"https:\/\/blogdorogeriogomes.com.br\/noticias\/wp-json\/wp\/v2\/media?parent=32558"}],"wp:term":[{"taxonomy":"category","embeddable":true,"href":"https:\/\/blogdorogeriogomes.com.br\/noticias\/wp-json\/wp\/v2\/categories?post=32558"},{"taxonomy":"post_tag","embeddable":true,"href":"https:\/\/blogdorogeriogomes.com.br\/noticias\/wp-json\/wp\/v2\/tags?post=32558"}],"curies":[{"name":"wp","href":"https:\/\/api.w.org\/{rel}","templated":true}]}}