{"id":32571,"date":"2024-05-08T10:38:14","date_gmt":"2024-05-08T10:38:14","guid":{"rendered":"https:\/\/blogdorogeriogomes.com.br\/noticias\/?p=32571"},"modified":"2024-05-08T10:38:14","modified_gmt":"2024-05-08T10:38:14","slug":"mutirao-do-tre-em-fortaleza-para-cadastro-eleitoral-termina-nesta-quarta-feira","status":"publish","type":"post","link":"https:\/\/blogdorogeriogomes.com.br\/noticias\/2024\/05\/mutirao-do-tre-em-fortaleza-para-cadastro-eleitoral-termina-nesta-quarta-feira\/","title":{"rendered":"Mutir\u00e3o do TRE em Fortaleza para cadastro eleitoral termina nesta quarta-feira"},"content":{"rendered":"\n<p>O mutir\u00e3o do Tribunal Regional Eleitoral do Cear\u00e1 (TRE-CE) aos eleitores em Fortaleza ocorre at\u00e9 esta quarta-feira, dia 8 de maio, data do fechamento do cadastro eleitoral. Na Capital s\u00e3o disponibilizados seis locais de atendimento.<\/p>\n\n\n\n<p>A a\u00e7\u00e3o, que come\u00e7ou no dia 22 de abril, j\u00e1 realizou mais de de 34,5 mil atendimentos, entre regulariza\u00e7\u00f5es e alistamentos para a participa\u00e7\u00e3o nas elei\u00e7\u00f5es municipais deste ano.<\/p>\n\n\n\n<p>No interior e na Regi\u00e3o Metropolitana de Fortaleza, os atendimentos seguem sendo realizados nas sedes de cart\u00f3rios e polos do TRE.<\/p>\n\n\n\n<figure class=\"wp-block-image size-full\"><img loading=\"lazy\" decoding=\"async\" width=\"754\" height=\"407\" src=\"https:\/\/blogdorogeriogomes.com.br\/noticias\/wp-content\/uploads\/2024\/05\/images-6.jpeg\" alt=\"\" class=\"wp-image-32572\" srcset=\"https:\/\/blogdorogeriogomes.com.br\/noticias\/wp-content\/uploads\/2024\/05\/images-6.jpeg 754w, https:\/\/blogdorogeriogomes.com.br\/noticias\/wp-content\/uploads\/2024\/05\/images-6-300x162.jpeg 300w\" sizes=\"auto, (max-width: 754px) 100vw, 754px\" \/><\/figure>\n","protected":false},"excerpt":{"rendered":"<p>O mutir\u00e3o do Tribunal Regional Eleitoral do Cear\u00e1 (TRE-CE) aos eleitores em Fortaleza ocorre at\u00e9 esta quarta-feira, dia 8 de maio, data do fechamento do cadastro eleitoral. Na Capital s\u00e3o disponibilizados seis locais de atendimento. A a\u00e7\u00e3o, que come\u00e7ou no dia 22 de abril, j\u00e1 realizou mais de de 34,5 mil atendimentos, entre regulariza\u00e7\u00f5es e alistamentos para a participa\u00e7\u00e3o nas elei\u00e7\u00f5es municipais deste ano. No interior e na Regi\u00e3o Metropolitana de Fortaleza, os atendimentos seguem sendo realizados nas sedes&hellip;<\/p>\n","protected":false},"author":1,"featured_media":32572,"comment_status":"open","ping_status":"open","sticky":false,"template":"","format":"standard","meta":{"footnotes":""},"categories":[1],"tags":[],"class_list":["post-32571","post","type-post","status-publish","format-standard","has-post-thumbnail","hentry","category-noticias"],"_links":{"self":[{"href":"https:\/\/blogdorogeriogomes.com.br\/noticias\/wp-json\/wp\/v2\/posts\/32571","targetHints":{"allow":["GET"]}}],"collection":[{"href":"https:\/\/blogdorogeriogomes.com.br\/noticias\/wp-json\/wp\/v2\/posts"}],"about":[{"href":"https:\/\/blogdorogeriogomes.com.br\/noticias\/wp-json\/wp\/v2\/types\/post"}],"author":[{"embeddable":true,"href":"https:\/\/blogdorogeriogomes.com.br\/noticias\/wp-json\/wp\/v2\/users\/1"}],"replies":[{"embeddable":true,"href":"https:\/\/blogdorogeriogomes.com.br\/noticias\/wp-json\/wp\/v2\/comments?post=32571"}],"version-history":[{"count":1,"href":"https:\/\/blogdorogeriogomes.com.br\/noticias\/wp-json\/wp\/v2\/posts\/32571\/revisions"}],"predecessor-version":[{"id":32573,"href":"https:\/\/blogdorogeriogomes.com.br\/noticias\/wp-json\/wp\/v2\/posts\/32571\/revisions\/32573"}],"wp:featuredmedia":[{"embeddable":true,"href":"https:\/\/blogdorogeriogomes.com.br\/noticias\/wp-json\/wp\/v2\/media\/32572"}],"wp:attachment":[{"href":"https:\/\/blogdorogeriogomes.com.br\/noticias\/wp-json\/wp\/v2\/media?parent=32571"}],"wp:term":[{"taxonomy":"category","embeddable":true,"href":"https:\/\/blogdorogeriogomes.com.br\/noticias\/wp-json\/wp\/v2\/categories?post=32571"},{"taxonomy":"post_tag","embeddable":true,"href":"https:\/\/blogdorogeriogomes.com.br\/noticias\/wp-json\/wp\/v2\/tags?post=32571"}],"curies":[{"name":"wp","href":"https:\/\/api.w.org\/{rel}","templated":true}]}}