{"id":32574,"date":"2024-05-08T11:02:40","date_gmt":"2024-05-08T11:02:40","guid":{"rendered":"https:\/\/blogdorogeriogomes.com.br\/noticias\/?p=32574"},"modified":"2024-05-08T11:02:40","modified_gmt":"2024-05-08T11:02:40","slug":"ministra-carmen-lucia-e-eleita-presidente-do-tribunal-superior-eleitoral-em-substituicao-a-alexandre-de-moraes","status":"publish","type":"post","link":"https:\/\/blogdorogeriogomes.com.br\/noticias\/2024\/05\/ministra-carmen-lucia-e-eleita-presidente-do-tribunal-superior-eleitoral-em-substituicao-a-alexandre-de-moraes\/","title":{"rendered":"Ministra C\u00e1rmen L\u00facia \u00e9 eleita presidente do Tribunal Superior Eleitoral em substitui\u00e7\u00e3o a Alexandre de Moraes"},"content":{"rendered":"\n<p>\u00a0A ministra C\u00e1rmen L\u00facia foi eleita nesta ter\u00e7a-feira, dia 7 de maio, para o cargo de presidente do Tribunal Superior Eleitoral (TSE) no bi\u00eanio 2024-2026. O ministro Nunes Marques ficar\u00e1 com a vice-presid\u00eancia do tribunal. A posse ser\u00e1 no in\u00edcio do pr\u00f3ximo m\u00eas.<\/p>\n\n\n\n<p>Com a mudan\u00e7a, o ministro Alexandre de Moraes deixar\u00e1 o comando da Justi\u00e7a Eleitoral no dia 3 de junho, quando completar\u00e1 per\u00edodo m\u00e1ximo de dois anos na Corte. C\u00e1rmen L\u00facia, que j\u00e1 ocupa a fun\u00e7\u00e3o de vice-presidente do TSE, \u00e9 a pr\u00f3xima a assumir o comando do tribunal.<\/p>\n\n\n\n<figure class=\"wp-block-image size-full\"><img loading=\"lazy\" decoding=\"async\" width=\"500\" height=\"240\" src=\"https:\/\/blogdorogeriogomes.com.br\/noticias\/wp-content\/uploads\/2024\/05\/20210608160632_10e403d54728b3a03952ed5e338ed457a32be270a0527f8a0ecd03ddad1bb843.webp\" alt=\"\" class=\"wp-image-32575\" srcset=\"https:\/\/blogdorogeriogomes.com.br\/noticias\/wp-content\/uploads\/2024\/05\/20210608160632_10e403d54728b3a03952ed5e338ed457a32be270a0527f8a0ecd03ddad1bb843.webp 500w, https:\/\/blogdorogeriogomes.com.br\/noticias\/wp-content\/uploads\/2024\/05\/20210608160632_10e403d54728b3a03952ed5e338ed457a32be270a0527f8a0ecd03ddad1bb843-300x144.webp 300w\" sizes=\"auto, (max-width: 500px) 100vw, 500px\" \/><\/figure>\n","protected":false},"excerpt":{"rendered":"<p>\u00a0A ministra C\u00e1rmen L\u00facia foi eleita nesta ter\u00e7a-feira, dia 7 de maio, para o cargo de presidente do Tribunal Superior Eleitoral (TSE) no bi\u00eanio 2024-2026. O ministro Nunes Marques ficar\u00e1 com a vice-presid\u00eancia do tribunal. A posse ser\u00e1 no in\u00edcio do pr\u00f3ximo m\u00eas. Com a mudan\u00e7a, o ministro Alexandre de Moraes deixar\u00e1 o comando da Justi\u00e7a Eleitoral no dia 3 de junho, quando completar\u00e1 per\u00edodo m\u00e1ximo de dois anos na Corte. C\u00e1rmen L\u00facia, que j\u00e1 ocupa a fun\u00e7\u00e3o de&hellip;<\/p>\n","protected":false},"author":1,"featured_media":32575,"comment_status":"open","ping_status":"open","sticky":false,"template":"","format":"standard","meta":{"footnotes":""},"categories":[1],"tags":[],"class_list":["post-32574","post","type-post","status-publish","format-standard","has-post-thumbnail","hentry","category-noticias"],"_links":{"self":[{"href":"https:\/\/blogdorogeriogomes.com.br\/noticias\/wp-json\/wp\/v2\/posts\/32574","targetHints":{"allow":["GET"]}}],"collection":[{"href":"https:\/\/blogdorogeriogomes.com.br\/noticias\/wp-json\/wp\/v2\/posts"}],"about":[{"href":"https:\/\/blogdorogeriogomes.com.br\/noticias\/wp-json\/wp\/v2\/types\/post"}],"author":[{"embeddable":true,"href":"https:\/\/blogdorogeriogomes.com.br\/noticias\/wp-json\/wp\/v2\/users\/1"}],"replies":[{"embeddable":true,"href":"https:\/\/blogdorogeriogomes.com.br\/noticias\/wp-json\/wp\/v2\/comments?post=32574"}],"version-history":[{"count":1,"href":"https:\/\/blogdorogeriogomes.com.br\/noticias\/wp-json\/wp\/v2\/posts\/32574\/revisions"}],"predecessor-version":[{"id":32576,"href":"https:\/\/blogdorogeriogomes.com.br\/noticias\/wp-json\/wp\/v2\/posts\/32574\/revisions\/32576"}],"wp:featuredmedia":[{"embeddable":true,"href":"https:\/\/blogdorogeriogomes.com.br\/noticias\/wp-json\/wp\/v2\/media\/32575"}],"wp:attachment":[{"href":"https:\/\/blogdorogeriogomes.com.br\/noticias\/wp-json\/wp\/v2\/media?parent=32574"}],"wp:term":[{"taxonomy":"category","embeddable":true,"href":"https:\/\/blogdorogeriogomes.com.br\/noticias\/wp-json\/wp\/v2\/categories?post=32574"},{"taxonomy":"post_tag","embeddable":true,"href":"https:\/\/blogdorogeriogomes.com.br\/noticias\/wp-json\/wp\/v2\/tags?post=32574"}],"curies":[{"name":"wp","href":"https:\/\/api.w.org\/{rel}","templated":true}]}}