{"id":32577,"date":"2024-05-08T11:13:12","date_gmt":"2024-05-08T11:13:12","guid":{"rendered":"https:\/\/blogdorogeriogomes.com.br\/noticias\/?p=32577"},"modified":"2024-05-08T11:13:13","modified_gmt":"2024-05-08T11:13:13","slug":"policia-investiga-motivacao-do-assassinato-de-vereador-do-pl-no-crato-ex-pm-ele-ja-foi-preso-por-extorsao-e-tortura-e-expulso-da-corporacao-por-crimes","status":"publish","type":"post","link":"https:\/\/blogdorogeriogomes.com.br\/noticias\/2024\/05\/policia-investiga-motivacao-do-assassinato-de-vereador-do-pl-no-crato-ex-pm-ele-ja-foi-preso-por-extorsao-e-tortura-e-expulso-da-corporacao-por-crimes\/","title":{"rendered":"Pol\u00edcia investiga motiva\u00e7\u00e3o do assassinato de vereador do PL no Crato. Ex-PM, ele j\u00e1 foi preso por extors\u00e3o e tortura e expulso da corpora\u00e7\u00e3o por crimes"},"content":{"rendered":"\n<p>A Pol\u00edcia Civil investiga uma motiva\u00e7\u00e3o para o assassinato do vereador Erasmo Morais (PL) nesta ter\u00e7a-feira, dia 7 de maio, com tiros de fuzil. Erasmo \u00e9 ex-policial militar, expulso da corpora\u00e7\u00e3o em 1995. Contra ele, pesaram para a exclus\u00e3o dos quadros os crimes de extors\u00e3o e de associa\u00e7\u00e3o criminosa. Ele chegou a ser detido posteriormente ao Pres\u00eddio Militar, como constam em edi\u00e7\u00f5es do Boletim do Comando Geral da Pol\u00edcia Militar (PMCE).<\/p>\n\n\n\n<p>Em 2010, Erasmo Morais voltou a ser preso pelos menos crimes, desta vez na &#8216;Opera\u00e7\u00e3o Terremoto&#8217;, deflagrada pela Corregedoria, com apoio da Pol\u00edcia Federal (PF), em dezembro daquele ano. Al\u00e9m dele, dois inspetores da Pol\u00edcia e outro ex-PM foram presos. O grupo era investigado por extorquir propriet\u00e1rios de carros clonados.<\/p>\n\n\n\n<figure class=\"wp-block-image size-full\"><img loading=\"lazy\" decoding=\"async\" width=\"738\" height=\"415\" src=\"https:\/\/blogdorogeriogomes.com.br\/noticias\/wp-content\/uploads\/2024\/05\/images-7.jpeg\" alt=\"\" class=\"wp-image-32578\" srcset=\"https:\/\/blogdorogeriogomes.com.br\/noticias\/wp-content\/uploads\/2024\/05\/images-7.jpeg 738w, https:\/\/blogdorogeriogomes.com.br\/noticias\/wp-content\/uploads\/2024\/05\/images-7-300x169.jpeg 300w\" sizes=\"auto, (max-width: 738px) 100vw, 738px\" \/><\/figure>\n","protected":false},"excerpt":{"rendered":"<p>A Pol\u00edcia Civil investiga uma motiva\u00e7\u00e3o para o assassinato do vereador Erasmo Morais (PL) nesta ter\u00e7a-feira, dia 7 de maio, com tiros de fuzil. Erasmo \u00e9 ex-policial militar, expulso da corpora\u00e7\u00e3o em 1995. Contra ele, pesaram para a exclus\u00e3o dos quadros os crimes de extors\u00e3o e de associa\u00e7\u00e3o criminosa. Ele chegou a ser detido posteriormente ao Pres\u00eddio Militar, como constam em edi\u00e7\u00f5es do Boletim do Comando Geral da Pol\u00edcia Militar (PMCE). Em 2010, Erasmo Morais voltou a ser preso&hellip;<\/p>\n","protected":false},"author":1,"featured_media":32578,"comment_status":"open","ping_status":"open","sticky":false,"template":"","format":"standard","meta":{"footnotes":""},"categories":[1],"tags":[],"class_list":["post-32577","post","type-post","status-publish","format-standard","has-post-thumbnail","hentry","category-noticias"],"_links":{"self":[{"href":"https:\/\/blogdorogeriogomes.com.br\/noticias\/wp-json\/wp\/v2\/posts\/32577","targetHints":{"allow":["GET"]}}],"collection":[{"href":"https:\/\/blogdorogeriogomes.com.br\/noticias\/wp-json\/wp\/v2\/posts"}],"about":[{"href":"https:\/\/blogdorogeriogomes.com.br\/noticias\/wp-json\/wp\/v2\/types\/post"}],"author":[{"embeddable":true,"href":"https:\/\/blogdorogeriogomes.com.br\/noticias\/wp-json\/wp\/v2\/users\/1"}],"replies":[{"embeddable":true,"href":"https:\/\/blogdorogeriogomes.com.br\/noticias\/wp-json\/wp\/v2\/comments?post=32577"}],"version-history":[{"count":1,"href":"https:\/\/blogdorogeriogomes.com.br\/noticias\/wp-json\/wp\/v2\/posts\/32577\/revisions"}],"predecessor-version":[{"id":32579,"href":"https:\/\/blogdorogeriogomes.com.br\/noticias\/wp-json\/wp\/v2\/posts\/32577\/revisions\/32579"}],"wp:featuredmedia":[{"embeddable":true,"href":"https:\/\/blogdorogeriogomes.com.br\/noticias\/wp-json\/wp\/v2\/media\/32578"}],"wp:attachment":[{"href":"https:\/\/blogdorogeriogomes.com.br\/noticias\/wp-json\/wp\/v2\/media?parent=32577"}],"wp:term":[{"taxonomy":"category","embeddable":true,"href":"https:\/\/blogdorogeriogomes.com.br\/noticias\/wp-json\/wp\/v2\/categories?post=32577"},{"taxonomy":"post_tag","embeddable":true,"href":"https:\/\/blogdorogeriogomes.com.br\/noticias\/wp-json\/wp\/v2\/tags?post=32577"}],"curies":[{"name":"wp","href":"https:\/\/api.w.org\/{rel}","templated":true}]}}