{"id":32586,"date":"2024-05-09T09:44:48","date_gmt":"2024-05-09T09:44:48","guid":{"rendered":"https:\/\/blogdorogeriogomes.com.br\/noticias\/?p=32586"},"modified":"2024-05-09T09:44:48","modified_gmt":"2024-05-09T09:44:48","slug":"prefeitura-nomeia-128-novos-agentes-para-autarquia-municipal-de-transito-de-fortaleza","status":"publish","type":"post","link":"https:\/\/blogdorogeriogomes.com.br\/noticias\/2024\/05\/prefeitura-nomeia-128-novos-agentes-para-autarquia-municipal-de-transito-de-fortaleza\/","title":{"rendered":"Prefeitura nomeia 128 novos agentes para Autarquia Municipal de Tr\u00e2nsito de Fortaleza"},"content":{"rendered":"\n<p>O prefeito de Fortaleza, Jos\u00e9 Sarto, anunciou, nesta quarta-feira, dia 8 de maio, a nomea\u00e7\u00e3o dos 128 novos servidores da Autarquia Municipal de Tr\u00e2nsito e Cidadania (AMC) aprovados em concurso p\u00fablico. Os nomes dos selecionados foram publicados no Di\u00e1rio Oficial do Munic\u00edpio.<\/p>\n\n\n\n<p>Os aprovados ir\u00e3o exercer, em car\u00e1ter efetivo, o cargo de Agente Municipal de Opera\u00e7\u00e3o e Fiscaliza\u00e7\u00e3o de Tr\u00e2nsito. Ap\u00f3s a publica\u00e7\u00e3o,\u00a0 os nomeados apresentar\u00e3o sua documenta\u00e7\u00e3o e tomar\u00e3o posse ainda este m\u00eas.\u00a0<\/p>\n\n\n\n<p>A carga hor\u00e1ria do agente de tr\u00e2nsito \u00e9 de 240 horas mensais com remunera\u00e7\u00e3o no valor de R$ 5.561,89. Os servidores nomeados tamb\u00e9m ter\u00e3o direito ao aux\u00edlio refei\u00e7\u00e3o e aux\u00edlio transporte. O \u00faltimo concurso p\u00fablico na AMC foi realizado em 2008.\u00a0<\/p>\n\n\n\n<figure class=\"wp-block-image size-large\"><img loading=\"lazy\" decoding=\"async\" width=\"1024\" height=\"601\" src=\"https:\/\/blogdorogeriogomes.com.br\/noticias\/wp-content\/uploads\/2024\/05\/IMG_1438-1024x601.jpg\" alt=\"\" class=\"wp-image-32587\" srcset=\"https:\/\/blogdorogeriogomes.com.br\/noticias\/wp-content\/uploads\/2024\/05\/IMG_1438-1024x601.jpg 1024w, https:\/\/blogdorogeriogomes.com.br\/noticias\/wp-content\/uploads\/2024\/05\/IMG_1438-300x176.jpg 300w, https:\/\/blogdorogeriogomes.com.br\/noticias\/wp-content\/uploads\/2024\/05\/IMG_1438-768x451.jpg 768w, https:\/\/blogdorogeriogomes.com.br\/noticias\/wp-content\/uploads\/2024\/05\/IMG_1438-1536x902.jpg 1536w, https:\/\/blogdorogeriogomes.com.br\/noticias\/wp-content\/uploads\/2024\/05\/IMG_1438-2048x1203.jpg 2048w, https:\/\/blogdorogeriogomes.com.br\/noticias\/wp-content\/uploads\/2024\/05\/IMG_1438-800x470.jpg 800w\" sizes=\"auto, (max-width: 1024px) 100vw, 1024px\" \/><\/figure>\n","protected":false},"excerpt":{"rendered":"<p>O prefeito de Fortaleza, Jos\u00e9 Sarto, anunciou, nesta quarta-feira, dia 8 de maio, a nomea\u00e7\u00e3o dos 128 novos servidores da Autarquia Municipal de Tr\u00e2nsito e Cidadania (AMC) aprovados em concurso p\u00fablico. Os nomes dos selecionados foram publicados no Di\u00e1rio Oficial do Munic\u00edpio. Os aprovados ir\u00e3o exercer, em car\u00e1ter efetivo, o cargo de Agente Municipal de Opera\u00e7\u00e3o e Fiscaliza\u00e7\u00e3o de Tr\u00e2nsito. Ap\u00f3s a publica\u00e7\u00e3o,\u00a0 os nomeados apresentar\u00e3o sua documenta\u00e7\u00e3o e tomar\u00e3o posse ainda este m\u00eas.\u00a0 A carga hor\u00e1ria do agente&hellip;<\/p>\n","protected":false},"author":1,"featured_media":32587,"comment_status":"open","ping_status":"open","sticky":false,"template":"","format":"standard","meta":{"footnotes":""},"categories":[1],"tags":[],"class_list":["post-32586","post","type-post","status-publish","format-standard","has-post-thumbnail","hentry","category-noticias"],"_links":{"self":[{"href":"https:\/\/blogdorogeriogomes.com.br\/noticias\/wp-json\/wp\/v2\/posts\/32586","targetHints":{"allow":["GET"]}}],"collection":[{"href":"https:\/\/blogdorogeriogomes.com.br\/noticias\/wp-json\/wp\/v2\/posts"}],"about":[{"href":"https:\/\/blogdorogeriogomes.com.br\/noticias\/wp-json\/wp\/v2\/types\/post"}],"author":[{"embeddable":true,"href":"https:\/\/blogdorogeriogomes.com.br\/noticias\/wp-json\/wp\/v2\/users\/1"}],"replies":[{"embeddable":true,"href":"https:\/\/blogdorogeriogomes.com.br\/noticias\/wp-json\/wp\/v2\/comments?post=32586"}],"version-history":[{"count":1,"href":"https:\/\/blogdorogeriogomes.com.br\/noticias\/wp-json\/wp\/v2\/posts\/32586\/revisions"}],"predecessor-version":[{"id":32588,"href":"https:\/\/blogdorogeriogomes.com.br\/noticias\/wp-json\/wp\/v2\/posts\/32586\/revisions\/32588"}],"wp:featuredmedia":[{"embeddable":true,"href":"https:\/\/blogdorogeriogomes.com.br\/noticias\/wp-json\/wp\/v2\/media\/32587"}],"wp:attachment":[{"href":"https:\/\/blogdorogeriogomes.com.br\/noticias\/wp-json\/wp\/v2\/media?parent=32586"}],"wp:term":[{"taxonomy":"category","embeddable":true,"href":"https:\/\/blogdorogeriogomes.com.br\/noticias\/wp-json\/wp\/v2\/categories?post=32586"},{"taxonomy":"post_tag","embeddable":true,"href":"https:\/\/blogdorogeriogomes.com.br\/noticias\/wp-json\/wp\/v2\/tags?post=32586"}],"curies":[{"name":"wp","href":"https:\/\/api.w.org\/{rel}","templated":true}]}}