{"id":32592,"date":"2024-05-09T10:29:30","date_gmt":"2024-05-09T10:29:30","guid":{"rendered":"https:\/\/blogdorogeriogomes.com.br\/noticias\/?p=32592"},"modified":"2024-05-09T10:54:38","modified_gmt":"2024-05-09T10:54:38","slug":"congresso-nacional-deve-deliberar-sobre-vetos-do-presidente-lula-em-varias-materias-nesta-quinta-feira","status":"publish","type":"post","link":"https:\/\/blogdorogeriogomes.com.br\/noticias\/2024\/05\/congresso-nacional-deve-deliberar-sobre-vetos-do-presidente-lula-em-varias-materias-nesta-quinta-feira\/","title":{"rendered":"Congresso Nacional deve deliberar sobre vetos do presidente Lula em v\u00e1rias mat\u00e9rias nesta quinta-feira"},"content":{"rendered":"\n<p>Parlamentares se re\u00fanem nesta quinta-feira, dia 9 de maio, na primeira sess\u00e3o do Congresso Nacional deste ano para deliberar sobre uma dezena de vetos presidenciais que se arrastam desde o governo Jair Bolsonaro (PL). \u00c0s v\u00e9speras da vota\u00e7\u00e3o, deputados federais e senadores reclamavam de falta de acordo na vota\u00e7\u00e3o dos vetos. \u00c9 um verdadeiro corre-corre em busca de mais recursos das emendas parlamentares para seus redutos eleitorais.<\/p>\n\n\n\n<p>A sess\u00e3o ser\u00e1 um teste para medir a for\u00e7a do governo petista no Congresso num momento em que h\u00e1 queixas sobre a articula\u00e7\u00e3o pol\u00edtica do Executivo no Legislativo. A pauta desta quinta prev\u00ea a an\u00e1lise de vetos em mais de 30 mat\u00e9rias, incluindo projetos ligados \u00e0 quest\u00e3o or\u00e7ament\u00e1ria, al\u00e9m da flexibiliza\u00e7\u00e3o do registro de agrot\u00f3xicos e da lei que acaba com as sa\u00eddas tempor\u00e1rias de presos.<\/p>\n\n\n\n<figure class=\"wp-block-image size-full\"><img loading=\"lazy\" decoding=\"async\" width=\"1024\" height=\"683\" src=\"https:\/\/blogdorogeriogomes.com.br\/noticias\/wp-content\/uploads\/2024\/05\/171503556466395dac703f3_1715035564_3x2_lg.jpg\" alt=\"\" class=\"wp-image-32593\" srcset=\"https:\/\/blogdorogeriogomes.com.br\/noticias\/wp-content\/uploads\/2024\/05\/171503556466395dac703f3_1715035564_3x2_lg.jpg 1024w, https:\/\/blogdorogeriogomes.com.br\/noticias\/wp-content\/uploads\/2024\/05\/171503556466395dac703f3_1715035564_3x2_lg-300x200.jpg 300w, https:\/\/blogdorogeriogomes.com.br\/noticias\/wp-content\/uploads\/2024\/05\/171503556466395dac703f3_1715035564_3x2_lg-768x512.jpg 768w, https:\/\/blogdorogeriogomes.com.br\/noticias\/wp-content\/uploads\/2024\/05\/171503556466395dac703f3_1715035564_3x2_lg-800x534.jpg 800w\" sizes=\"auto, (max-width: 1024px) 100vw, 1024px\" \/><\/figure>\n","protected":false},"excerpt":{"rendered":"<p>Parlamentares se re\u00fanem nesta quinta-feira, dia 9 de maio, na primeira sess\u00e3o do Congresso Nacional deste ano para deliberar sobre uma dezena de vetos presidenciais que se arrastam desde o governo Jair Bolsonaro (PL). \u00c0s v\u00e9speras da vota\u00e7\u00e3o, deputados federais e senadores reclamavam de falta de acordo na vota\u00e7\u00e3o dos vetos. \u00c9 um verdadeiro corre-corre em busca de mais recursos das emendas parlamentares para seus redutos eleitorais. A sess\u00e3o ser\u00e1 um teste para medir a for\u00e7a do governo petista&hellip;<\/p>\n","protected":false},"author":1,"featured_media":32593,"comment_status":"open","ping_status":"open","sticky":false,"template":"","format":"standard","meta":{"footnotes":""},"categories":[1],"tags":[],"class_list":["post-32592","post","type-post","status-publish","format-standard","has-post-thumbnail","hentry","category-noticias"],"_links":{"self":[{"href":"https:\/\/blogdorogeriogomes.com.br\/noticias\/wp-json\/wp\/v2\/posts\/32592","targetHints":{"allow":["GET"]}}],"collection":[{"href":"https:\/\/blogdorogeriogomes.com.br\/noticias\/wp-json\/wp\/v2\/posts"}],"about":[{"href":"https:\/\/blogdorogeriogomes.com.br\/noticias\/wp-json\/wp\/v2\/types\/post"}],"author":[{"embeddable":true,"href":"https:\/\/blogdorogeriogomes.com.br\/noticias\/wp-json\/wp\/v2\/users\/1"}],"replies":[{"embeddable":true,"href":"https:\/\/blogdorogeriogomes.com.br\/noticias\/wp-json\/wp\/v2\/comments?post=32592"}],"version-history":[{"count":2,"href":"https:\/\/blogdorogeriogomes.com.br\/noticias\/wp-json\/wp\/v2\/posts\/32592\/revisions"}],"predecessor-version":[{"id":32598,"href":"https:\/\/blogdorogeriogomes.com.br\/noticias\/wp-json\/wp\/v2\/posts\/32592\/revisions\/32598"}],"wp:featuredmedia":[{"embeddable":true,"href":"https:\/\/blogdorogeriogomes.com.br\/noticias\/wp-json\/wp\/v2\/media\/32593"}],"wp:attachment":[{"href":"https:\/\/blogdorogeriogomes.com.br\/noticias\/wp-json\/wp\/v2\/media?parent=32592"}],"wp:term":[{"taxonomy":"category","embeddable":true,"href":"https:\/\/blogdorogeriogomes.com.br\/noticias\/wp-json\/wp\/v2\/categories?post=32592"},{"taxonomy":"post_tag","embeddable":true,"href":"https:\/\/blogdorogeriogomes.com.br\/noticias\/wp-json\/wp\/v2\/tags?post=32592"}],"curies":[{"name":"wp","href":"https:\/\/api.w.org\/{rel}","templated":true}]}}