{"id":32599,"date":"2024-05-09T21:23:02","date_gmt":"2024-05-09T21:23:02","guid":{"rendered":"https:\/\/blogdorogeriogomes.com.br\/noticias\/?p=32599"},"modified":"2024-05-09T21:23:03","modified_gmt":"2024-05-09T21:23:03","slug":"ex-pm-cabo-sabino-e-condenado-por-liderar-motim-de-agentes-de-seguranca-do-ceara-em-2020","status":"publish","type":"post","link":"https:\/\/blogdorogeriogomes.com.br\/noticias\/2024\/05\/ex-pm-cabo-sabino-e-condenado-por-liderar-motim-de-agentes-de-seguranca-do-ceara-em-2020\/","title":{"rendered":"Ex-PM Cabo Sabino \u00e9 condenado por liderar motim de agentes de seguran\u00e7a do Cear\u00e1 em 2020"},"content":{"rendered":"\n<p>O ex-policial militar Fl\u00e1vio Alves Sabino, o Cabo Sabino, foi condenado a nove anos e quatro meses de reclus\u00e3o em regime fechado pelo Conselho Permanente de Justi\u00e7a Militar por liderar o motim dos agentes de seguran\u00e7a no Cear\u00e1, em 2020. A senten\u00e7a ainda cabe recurso da defesa. <\/p>\n\n\n\n<p>O Conselho Permanente de Justi\u00e7a Militar determinou a perda da gradua\u00e7\u00e3o de pra\u00e7a, suspendendo os direitos pol\u00edticos do acusado, enquanto durarem os efeitos da condena\u00e7\u00e3o.<\/p>\n\n\n\n<p>A pena \u00e9 diferenciada para cada um dos crimes cometidos. S\u00e3o 5 anos e 4 meses de reclus\u00e3o para o motim; 2 anos de reclus\u00e3o por alicia\u00e7\u00e3o para motim e revolta; al\u00e9m de mais 2 anos de reclus\u00e3o para incitamento. Somadas, elas chegam aos nove anos e quatro meses previstos na condena\u00e7\u00e3o.<\/p>\n\n\n\n<figure class=\"wp-block-image size-full\"><img loading=\"lazy\" decoding=\"async\" width=\"479\" height=\"270\" src=\"https:\/\/blogdorogeriogomes.com.br\/noticias\/wp-content\/uploads\/2024\/05\/cabosabino.jpeg\" alt=\"\" class=\"wp-image-32600\" srcset=\"https:\/\/blogdorogeriogomes.com.br\/noticias\/wp-content\/uploads\/2024\/05\/cabosabino.jpeg 479w, https:\/\/blogdorogeriogomes.com.br\/noticias\/wp-content\/uploads\/2024\/05\/cabosabino-300x169.jpeg 300w\" sizes=\"auto, (max-width: 479px) 100vw, 479px\" \/><\/figure>\n","protected":false},"excerpt":{"rendered":"<p>O ex-policial militar Fl\u00e1vio Alves Sabino, o Cabo Sabino, foi condenado a nove anos e quatro meses de reclus\u00e3o em regime fechado pelo Conselho Permanente de Justi\u00e7a Militar por liderar o motim dos agentes de seguran\u00e7a no Cear\u00e1, em 2020. A senten\u00e7a ainda cabe recurso da defesa. O Conselho Permanente de Justi\u00e7a Militar determinou a perda da gradua\u00e7\u00e3o de pra\u00e7a, suspendendo os direitos pol\u00edticos do acusado, enquanto durarem os efeitos da condena\u00e7\u00e3o. A pena \u00e9 diferenciada para cada um&hellip;<\/p>\n","protected":false},"author":1,"featured_media":32600,"comment_status":"open","ping_status":"open","sticky":false,"template":"","format":"standard","meta":{"footnotes":""},"categories":[1],"tags":[],"class_list":["post-32599","post","type-post","status-publish","format-standard","has-post-thumbnail","hentry","category-noticias"],"_links":{"self":[{"href":"https:\/\/blogdorogeriogomes.com.br\/noticias\/wp-json\/wp\/v2\/posts\/32599","targetHints":{"allow":["GET"]}}],"collection":[{"href":"https:\/\/blogdorogeriogomes.com.br\/noticias\/wp-json\/wp\/v2\/posts"}],"about":[{"href":"https:\/\/blogdorogeriogomes.com.br\/noticias\/wp-json\/wp\/v2\/types\/post"}],"author":[{"embeddable":true,"href":"https:\/\/blogdorogeriogomes.com.br\/noticias\/wp-json\/wp\/v2\/users\/1"}],"replies":[{"embeddable":true,"href":"https:\/\/blogdorogeriogomes.com.br\/noticias\/wp-json\/wp\/v2\/comments?post=32599"}],"version-history":[{"count":1,"href":"https:\/\/blogdorogeriogomes.com.br\/noticias\/wp-json\/wp\/v2\/posts\/32599\/revisions"}],"predecessor-version":[{"id":32601,"href":"https:\/\/blogdorogeriogomes.com.br\/noticias\/wp-json\/wp\/v2\/posts\/32599\/revisions\/32601"}],"wp:featuredmedia":[{"embeddable":true,"href":"https:\/\/blogdorogeriogomes.com.br\/noticias\/wp-json\/wp\/v2\/media\/32600"}],"wp:attachment":[{"href":"https:\/\/blogdorogeriogomes.com.br\/noticias\/wp-json\/wp\/v2\/media?parent=32599"}],"wp:term":[{"taxonomy":"category","embeddable":true,"href":"https:\/\/blogdorogeriogomes.com.br\/noticias\/wp-json\/wp\/v2\/categories?post=32599"},{"taxonomy":"post_tag","embeddable":true,"href":"https:\/\/blogdorogeriogomes.com.br\/noticias\/wp-json\/wp\/v2\/tags?post=32599"}],"curies":[{"name":"wp","href":"https:\/\/api.w.org\/{rel}","templated":true}]}}