{"id":32607,"date":"2024-05-10T10:18:44","date_gmt":"2024-05-10T10:18:44","guid":{"rendered":"https:\/\/blogdorogeriogomes.com.br\/noticias\/?p=32607"},"modified":"2024-05-10T10:18:45","modified_gmt":"2024-05-10T10:18:45","slug":"servidores-publicos-do-ceara-recebem-primeira-parcela-do-13-salario-nesta-sexta-feira-com-injecao-de-r-600-milhoes-na-economia-local","status":"publish","type":"post","link":"https:\/\/blogdorogeriogomes.com.br\/noticias\/2024\/05\/servidores-publicos-do-ceara-recebem-primeira-parcela-do-13-salario-nesta-sexta-feira-com-injecao-de-r-600-milhoes-na-economia-local\/","title":{"rendered":"Servidores p\u00fablicos do Cear\u00e1 recebem primeira parcela do 13\u00b0 sal\u00e1rio nesta sexta-feira com inje\u00e7\u00e3o de R$ 600 milh\u00f5es na economia local"},"content":{"rendered":"\n<p>O pagamento da primeira parcela do 13\u00ba sal\u00e1rio dos 163 mil servidores p\u00fablicos estaduais no Cear\u00e1, entre ativos, inativos e pensionistas, ser\u00e1 efetuado nesta sexta-feira, dia 10 de maio. O an\u00fancio j\u00e1 tinha sido feito pelo governador Elmano de Freitas no \u00faltimo dia 12 de abril. \u201cOs servidores ir\u00e3o receber o 13\u00ba um pouco antes do Dia das M\u00e3es.A medida \u00e9 importante para movimentar, principalmente, setores do com\u00e9rcio e de servi\u00e7os do nosso estado. Ser\u00e1 um refor\u00e7o financeiro para todos\u201d, ressaltou o governador Elmano de Freitas.<br>A antecipa\u00e7\u00e3o vai garantir a inje\u00e7\u00e3o de R$1 bilh\u00e3o e 700 milh\u00f5es de reais na economia cearense, com a soma da folha de pagamento, no valor de R$ 1.132.341.988 , e o acr\u00e9scimo da primeira parcela do 13\u00b0, que representa R$ 600 milh\u00f5es de reais.<br>Al\u00e9m da antecipa\u00e7\u00e3o do 13\u00b0, Elmano de Freitas ainda salienta que que o Governo do Estado est\u00e1 investindo neste ano mais de R$ 320 milh\u00f5es para melhoria salarial dos profissionais da educa\u00e7\u00e3o p\u00fablica. &#8220;Ano que vem ser\u00e1 o dobro desse valor&#8221;, garantiu o governador.<br>O l\u00edder do bloco governista na Assembleia Legislativa, deputado estadual De Assis Diniz (PT), lembrou do impacto positivo na economia do Cear\u00e1 por conta da antecipa\u00e7\u00e3o do pagamento da primeira parcela do 13\u00ba sal\u00e1rio dos 163 mil servidores estaduais. \u201cO efeito pr\u00e1tico disso \u00e9 circula\u00e7\u00e3o de recursos, aumento do consumo e gera\u00e7\u00e3o de emprego e renda para a popula\u00e7\u00e3o\u201d, ressaltou De Assis.<br>As previs\u00f5es indicam um cen\u00e1rio pr\u00f3spero para o com\u00e9rcio varejista de Fortaleza. Segundo a Pesquisa sobre o Potencial de Consumo do Fortalezense para o Dia das M\u00e3es, conduzida pela Fecom\u00e9rcio Cear\u00e1, por meio do Instituto de Pesquisa e Desenvolvimento do Cear\u00e1 (IPDC), a data promete movimentar expressivos R$ 393 milh\u00f5es em compras na capital cearense. Um crescimento de 11,3% no potencial de faturamento em rela\u00e7\u00e3o a 2023. Ainda de acordo com a pesquisa da Fecom\u00e9rcio, mais da metade dos entrevistados (53,6%) planeja comprar presentes para a ocasi\u00e3o. Os produtos mais citados incluem artigos de vestu\u00e1rio e acess\u00f3rios (41,7%), cosm\u00e9ticos e itens de perfumaria (37,7%), cal\u00e7ados (11,6%), chocolates, doces, bombons (9,4%), flores (6,3%) e eletroport\u00e1teis (6,0%).<\/p>\n\n\n\n<figure class=\"wp-block-image size-large\"><img loading=\"lazy\" decoding=\"async\" width=\"1024\" height=\"576\" src=\"https:\/\/blogdorogeriogomes.com.br\/noticias\/wp-content\/uploads\/2024\/05\/salario_-1200x675-1-1024x576.jpg\" alt=\"\" class=\"wp-image-32608\" srcset=\"https:\/\/blogdorogeriogomes.com.br\/noticias\/wp-content\/uploads\/2024\/05\/salario_-1200x675-1-1024x576.jpg 1024w, https:\/\/blogdorogeriogomes.com.br\/noticias\/wp-content\/uploads\/2024\/05\/salario_-1200x675-1-300x169.jpg 300w, https:\/\/blogdorogeriogomes.com.br\/noticias\/wp-content\/uploads\/2024\/05\/salario_-1200x675-1-768x432.jpg 768w, https:\/\/blogdorogeriogomes.com.br\/noticias\/wp-content\/uploads\/2024\/05\/salario_-1200x675-1-800x450.jpg 800w, https:\/\/blogdorogeriogomes.com.br\/noticias\/wp-content\/uploads\/2024\/05\/salario_-1200x675-1.jpg 1200w\" sizes=\"auto, (max-width: 1024px) 100vw, 1024px\" \/><\/figure>\n","protected":false},"excerpt":{"rendered":"<p>O pagamento da primeira parcela do 13\u00ba sal\u00e1rio dos 163 mil servidores p\u00fablicos estaduais no Cear\u00e1, entre ativos, inativos e pensionistas, ser\u00e1 efetuado nesta sexta-feira, dia 10 de maio. O an\u00fancio j\u00e1 tinha sido feito pelo governador Elmano de Freitas no \u00faltimo dia 12 de abril. \u201cOs servidores ir\u00e3o receber o 13\u00ba um pouco antes do Dia das M\u00e3es.A medida \u00e9 importante para movimentar, principalmente, setores do com\u00e9rcio e de servi\u00e7os do nosso estado. Ser\u00e1 um refor\u00e7o financeiro para&hellip;<\/p>\n","protected":false},"author":1,"featured_media":32608,"comment_status":"open","ping_status":"open","sticky":false,"template":"","format":"standard","meta":{"footnotes":""},"categories":[1],"tags":[],"class_list":["post-32607","post","type-post","status-publish","format-standard","has-post-thumbnail","hentry","category-noticias"],"_links":{"self":[{"href":"https:\/\/blogdorogeriogomes.com.br\/noticias\/wp-json\/wp\/v2\/posts\/32607","targetHints":{"allow":["GET"]}}],"collection":[{"href":"https:\/\/blogdorogeriogomes.com.br\/noticias\/wp-json\/wp\/v2\/posts"}],"about":[{"href":"https:\/\/blogdorogeriogomes.com.br\/noticias\/wp-json\/wp\/v2\/types\/post"}],"author":[{"embeddable":true,"href":"https:\/\/blogdorogeriogomes.com.br\/noticias\/wp-json\/wp\/v2\/users\/1"}],"replies":[{"embeddable":true,"href":"https:\/\/blogdorogeriogomes.com.br\/noticias\/wp-json\/wp\/v2\/comments?post=32607"}],"version-history":[{"count":1,"href":"https:\/\/blogdorogeriogomes.com.br\/noticias\/wp-json\/wp\/v2\/posts\/32607\/revisions"}],"predecessor-version":[{"id":32609,"href":"https:\/\/blogdorogeriogomes.com.br\/noticias\/wp-json\/wp\/v2\/posts\/32607\/revisions\/32609"}],"wp:featuredmedia":[{"embeddable":true,"href":"https:\/\/blogdorogeriogomes.com.br\/noticias\/wp-json\/wp\/v2\/media\/32608"}],"wp:attachment":[{"href":"https:\/\/blogdorogeriogomes.com.br\/noticias\/wp-json\/wp\/v2\/media?parent=32607"}],"wp:term":[{"taxonomy":"category","embeddable":true,"href":"https:\/\/blogdorogeriogomes.com.br\/noticias\/wp-json\/wp\/v2\/categories?post=32607"},{"taxonomy":"post_tag","embeddable":true,"href":"https:\/\/blogdorogeriogomes.com.br\/noticias\/wp-json\/wp\/v2\/tags?post=32607"}],"curies":[{"name":"wp","href":"https:\/\/api.w.org\/{rel}","templated":true}]}}