{"id":32613,"date":"2024-05-10T10:44:17","date_gmt":"2024-05-10T10:44:17","guid":{"rendered":"https:\/\/blogdorogeriogomes.com.br\/noticias\/?p=32613"},"modified":"2024-05-10T10:44:18","modified_gmt":"2024-05-10T10:44:18","slug":"fiec-entrega-medalha-do-merito-industrial-e-comenda-da-cni-aos-agraciados-de-2023-e-2024","status":"publish","type":"post","link":"https:\/\/blogdorogeriogomes.com.br\/noticias\/2024\/05\/fiec-entrega-medalha-do-merito-industrial-e-comenda-da-cni-aos-agraciados-de-2023-e-2024\/","title":{"rendered":"FIEC entrega Medalha do M\u00e9rito Industrial e Comenda da CNI aos agraciados de 2023 e 2024"},"content":{"rendered":"\n<p>Em celebra\u00e7\u00e3o do Dia da Ind\u00fastria, realizada na noite desta quinta-feira, dia 9 de maio, a Federa\u00e7\u00e3o das Ind\u00fastrias do Estado do Cear\u00e1 (FIEC) premiou sete industriais com as maiores comendas do segmento no estado e no pa\u00eds: a Medalha do M\u00e9rito Industrial da FIEC e a Ordem do M\u00e9rito Industrial da Confedera\u00e7\u00e3o Nacional da Ind\u00fastria (CNI). <\/p>\n\n\n\n<p>Aline Telles Chaves, presidente do Grupo Telles; Cristiano Peixoto Maia, presidente do Grupo Samaria; e Roberto Soares Pessoa, prefeito de Maracana\u00fa e presidente e fundador da Emape, foram condecorados com a Medalha do M\u00e9rito Industrial da FIEC relativa ao ano de 2023. J\u00e1 Francisco Deusmar de Queir\u00f3s, fundador do Grupo Pague Menos; Lourival Assun\u00e7\u00e3o Tavares, presidente do Grupo Tavares e Cer\u00e2mica Assun\u00e7\u00e3o; e Mario Ara\u00fajo Alencar Araripe, s\u00f3cio-fundador da Casa dos Ventos, receberam a premia\u00e7\u00e3o alusiva a 2024. <\/p>\n\n\n\n<p>A noite de comemora\u00e7\u00f5es contou tamb\u00e9m com a entrega da Ordem do M\u00e9rito Industrial da CNI a Ricardo Steinbruch, presidente do Conselho de Administra\u00e7\u00e3o da Vicunha T\u00eaxtil e atual presidente da Associa\u00e7\u00e3o Brasileira da Ind\u00fastria T\u00eaxtil (ABIT).<\/p>\n\n\n\n<figure class=\"wp-block-image size-large\"><img loading=\"lazy\" decoding=\"async\" width=\"1024\" height=\"684\" src=\"https:\/\/blogdorogeriogomes.com.br\/noticias\/wp-content\/uploads\/2024\/05\/IMG-20240510-WA0010-1024x684.jpg\" alt=\"\" class=\"wp-image-32614\" srcset=\"https:\/\/blogdorogeriogomes.com.br\/noticias\/wp-content\/uploads\/2024\/05\/IMG-20240510-WA0010-1024x684.jpg 1024w, https:\/\/blogdorogeriogomes.com.br\/noticias\/wp-content\/uploads\/2024\/05\/IMG-20240510-WA0010-300x200.jpg 300w, https:\/\/blogdorogeriogomes.com.br\/noticias\/wp-content\/uploads\/2024\/05\/IMG-20240510-WA0010-768x513.jpg 768w, https:\/\/blogdorogeriogomes.com.br\/noticias\/wp-content\/uploads\/2024\/05\/IMG-20240510-WA0010-1536x1026.jpg 1536w, https:\/\/blogdorogeriogomes.com.br\/noticias\/wp-content\/uploads\/2024\/05\/IMG-20240510-WA0010-2048x1368.jpg 2048w, https:\/\/blogdorogeriogomes.com.br\/noticias\/wp-content\/uploads\/2024\/05\/IMG-20240510-WA0010-800x534.jpg 800w\" sizes=\"auto, (max-width: 1024px) 100vw, 1024px\" \/><\/figure>\n","protected":false},"excerpt":{"rendered":"<p>Em celebra\u00e7\u00e3o do Dia da Ind\u00fastria, realizada na noite desta quinta-feira, dia 9 de maio, a Federa\u00e7\u00e3o das Ind\u00fastrias do Estado do Cear\u00e1 (FIEC) premiou sete industriais com as maiores comendas do segmento no estado e no pa\u00eds: a Medalha do M\u00e9rito Industrial da FIEC e a Ordem do M\u00e9rito Industrial da Confedera\u00e7\u00e3o Nacional da Ind\u00fastria (CNI). Aline Telles Chaves, presidente do Grupo Telles; Cristiano Peixoto Maia, presidente do Grupo Samaria; e Roberto Soares Pessoa, prefeito de Maracana\u00fa e&hellip;<\/p>\n","protected":false},"author":1,"featured_media":32614,"comment_status":"open","ping_status":"open","sticky":false,"template":"","format":"standard","meta":{"footnotes":""},"categories":[1],"tags":[],"class_list":["post-32613","post","type-post","status-publish","format-standard","has-post-thumbnail","hentry","category-noticias"],"_links":{"self":[{"href":"https:\/\/blogdorogeriogomes.com.br\/noticias\/wp-json\/wp\/v2\/posts\/32613","targetHints":{"allow":["GET"]}}],"collection":[{"href":"https:\/\/blogdorogeriogomes.com.br\/noticias\/wp-json\/wp\/v2\/posts"}],"about":[{"href":"https:\/\/blogdorogeriogomes.com.br\/noticias\/wp-json\/wp\/v2\/types\/post"}],"author":[{"embeddable":true,"href":"https:\/\/blogdorogeriogomes.com.br\/noticias\/wp-json\/wp\/v2\/users\/1"}],"replies":[{"embeddable":true,"href":"https:\/\/blogdorogeriogomes.com.br\/noticias\/wp-json\/wp\/v2\/comments?post=32613"}],"version-history":[{"count":1,"href":"https:\/\/blogdorogeriogomes.com.br\/noticias\/wp-json\/wp\/v2\/posts\/32613\/revisions"}],"predecessor-version":[{"id":32615,"href":"https:\/\/blogdorogeriogomes.com.br\/noticias\/wp-json\/wp\/v2\/posts\/32613\/revisions\/32615"}],"wp:featuredmedia":[{"embeddable":true,"href":"https:\/\/blogdorogeriogomes.com.br\/noticias\/wp-json\/wp\/v2\/media\/32614"}],"wp:attachment":[{"href":"https:\/\/blogdorogeriogomes.com.br\/noticias\/wp-json\/wp\/v2\/media?parent=32613"}],"wp:term":[{"taxonomy":"category","embeddable":true,"href":"https:\/\/blogdorogeriogomes.com.br\/noticias\/wp-json\/wp\/v2\/categories?post=32613"},{"taxonomy":"post_tag","embeddable":true,"href":"https:\/\/blogdorogeriogomes.com.br\/noticias\/wp-json\/wp\/v2\/tags?post=32613"}],"curies":[{"name":"wp","href":"https:\/\/api.w.org\/{rel}","templated":true}]}}