{"id":32619,"date":"2024-05-10T21:03:19","date_gmt":"2024-05-10T21:03:19","guid":{"rendered":"https:\/\/blogdorogeriogomes.com.br\/noticias\/?p=32619"},"modified":"2024-05-10T21:03:19","modified_gmt":"2024-05-10T21:03:19","slug":"governo-do-estado-oficializa-doacao-do-esqueleto-do-acquario-ceara-para-a-ufc","status":"publish","type":"post","link":"https:\/\/blogdorogeriogomes.com.br\/noticias\/2024\/05\/governo-do-estado-oficializa-doacao-do-esqueleto-do-acquario-ceara-para-a-ufc\/","title":{"rendered":"Governo do Estado oficializa doa\u00e7\u00e3o do &#8220;esqueleto&#8221; do Acquario Cear\u00e1 para a UFC"},"content":{"rendered":"\n<p>O pr\u00e9dio onde seria constru\u00eddo o Acquario Cear\u00e1, na Praia de Iracema, em Fortaleza, agora pertence a Universidade Federal do Cear\u00e1 (UFC). O termo de doa\u00e7\u00e3o do equipamento foi celebrado na \u00faltima sexta-feira, dia 3 de maio, e publicado no Di\u00e1rio Oficial do Estado. De acordo com a UFC, o pr\u00e9dio abrigar\u00e1 o Instituto de Ci\u00eancias do Mar (Labomar),\u00a0e a expectativa de funcionamento da nova sede\u00a0ser\u00e1 no\u00a0primeiro semestre de 2026.<\/p>\n\n\n\n<p>De acordo com a UFC, foi verificado que a estrutura constru\u00edda do Acquario Cear\u00e1 poder\u00e1 ser totalmente aproveitada para o campus, n\u00e3o sendo necess\u00e1ria demoli\u00e7\u00e3o, apenas adapta\u00e7\u00f5es de projeto. A obra, que inclui a adapta\u00e7\u00e3o e amplia\u00e7\u00e3o do espa\u00e7o, deve ficar em torno de R$ 60 milh\u00f5es. <\/p>\n\n\n\n<figure class=\"wp-block-image size-full\"><img loading=\"lazy\" decoding=\"async\" width=\"678\" height=\"452\" src=\"https:\/\/blogdorogeriogomes.com.br\/noticias\/wp-content\/uploads\/2024\/05\/images-11.jpeg\" alt=\"\" class=\"wp-image-32620\" srcset=\"https:\/\/blogdorogeriogomes.com.br\/noticias\/wp-content\/uploads\/2024\/05\/images-11.jpeg 678w, https:\/\/blogdorogeriogomes.com.br\/noticias\/wp-content\/uploads\/2024\/05\/images-11-300x200.jpeg 300w\" sizes=\"auto, (max-width: 678px) 100vw, 678px\" \/><\/figure>\n\n\n\n<p><\/p>\n\n\n\n<p><br><\/p>\n","protected":false},"excerpt":{"rendered":"<p>O pr\u00e9dio onde seria constru\u00eddo o Acquario Cear\u00e1, na Praia de Iracema, em Fortaleza, agora pertence a Universidade Federal do Cear\u00e1 (UFC). O termo de doa\u00e7\u00e3o do equipamento foi celebrado na \u00faltima sexta-feira, dia 3 de maio, e publicado no Di\u00e1rio Oficial do Estado. De acordo com a UFC, o pr\u00e9dio abrigar\u00e1 o Instituto de Ci\u00eancias do Mar (Labomar),\u00a0e a expectativa de funcionamento da nova sede\u00a0ser\u00e1 no\u00a0primeiro semestre de 2026. De acordo com a UFC, foi verificado que a&hellip;<\/p>\n","protected":false},"author":1,"featured_media":32620,"comment_status":"open","ping_status":"open","sticky":false,"template":"","format":"standard","meta":{"footnotes":""},"categories":[1],"tags":[],"class_list":["post-32619","post","type-post","status-publish","format-standard","has-post-thumbnail","hentry","category-noticias"],"_links":{"self":[{"href":"https:\/\/blogdorogeriogomes.com.br\/noticias\/wp-json\/wp\/v2\/posts\/32619","targetHints":{"allow":["GET"]}}],"collection":[{"href":"https:\/\/blogdorogeriogomes.com.br\/noticias\/wp-json\/wp\/v2\/posts"}],"about":[{"href":"https:\/\/blogdorogeriogomes.com.br\/noticias\/wp-json\/wp\/v2\/types\/post"}],"author":[{"embeddable":true,"href":"https:\/\/blogdorogeriogomes.com.br\/noticias\/wp-json\/wp\/v2\/users\/1"}],"replies":[{"embeddable":true,"href":"https:\/\/blogdorogeriogomes.com.br\/noticias\/wp-json\/wp\/v2\/comments?post=32619"}],"version-history":[{"count":1,"href":"https:\/\/blogdorogeriogomes.com.br\/noticias\/wp-json\/wp\/v2\/posts\/32619\/revisions"}],"predecessor-version":[{"id":32621,"href":"https:\/\/blogdorogeriogomes.com.br\/noticias\/wp-json\/wp\/v2\/posts\/32619\/revisions\/32621"}],"wp:featuredmedia":[{"embeddable":true,"href":"https:\/\/blogdorogeriogomes.com.br\/noticias\/wp-json\/wp\/v2\/media\/32620"}],"wp:attachment":[{"href":"https:\/\/blogdorogeriogomes.com.br\/noticias\/wp-json\/wp\/v2\/media?parent=32619"}],"wp:term":[{"taxonomy":"category","embeddable":true,"href":"https:\/\/blogdorogeriogomes.com.br\/noticias\/wp-json\/wp\/v2\/categories?post=32619"},{"taxonomy":"post_tag","embeddable":true,"href":"https:\/\/blogdorogeriogomes.com.br\/noticias\/wp-json\/wp\/v2\/tags?post=32619"}],"curies":[{"name":"wp","href":"https:\/\/api.w.org\/{rel}","templated":true}]}}