{"id":32622,"date":"2024-05-12T11:52:59","date_gmt":"2024-05-12T11:52:59","guid":{"rendered":"https:\/\/blogdorogeriogomes.com.br\/noticias\/?p=32622"},"modified":"2024-05-12T11:53:00","modified_gmt":"2024-05-12T11:53:00","slug":"itapipoca-ganha-novo-centro-de-educacao-infantil-nesta-segunda-feira","status":"publish","type":"post","link":"https:\/\/blogdorogeriogomes.com.br\/noticias\/2024\/05\/itapipoca-ganha-novo-centro-de-educacao-infantil-nesta-segunda-feira\/","title":{"rendered":"Itapipoca ganha novo Centro de Educa\u00e7\u00e3o Infantil nesta segunda-feira"},"content":{"rendered":"\n<p>O munic\u00edpio de Itapipoca ser\u00e1 beneficiado pelo Governo do Cear\u00e1 com a instala\u00e7\u00e3o de um Centro de Educa\u00e7\u00e3o Infantil (CEI), nesta segunda-feira, dia 13 de maio. Com o objetivo de fortalecer a pol\u00edtica de desenvolvimento infantil e socializa\u00e7\u00e3o familiar e comunit\u00e1ria na cidade, a inaugura\u00e7\u00e3o do equipamento ter\u00e1 presen\u00e7a da vice-governadora, Jade Romero, da secret\u00e1ria da Prote\u00e7\u00e3o Social (SPS), On\u00e9lia Santana, e do prefeito da cidade, Felipe Pinheiro.<\/p>\n\n\n\n<p>O novo CEI, instalado no residencial Dr Vicente Ferreira Gomes, tem \u00e1rea de 631,56 m\u00b2 e capacidade para atender 208 crian\u00e7as diariamente. Integrante do Programa Mais Inf\u00e2ncia Cear\u00e1, desenvolvido pela SPS, o equipamento absorveu investimentos de R$ 2.174.773, financiados pelo Governo do Cear\u00e1 e Banco Interamericano de Desenvolvimento (BID), com interveni\u00eancia t\u00e9cnica da Superintend\u00eancia de Obras P\u00fablicas do Cear\u00e1 (SOP).<\/p>\n\n\n\n<figure class=\"wp-block-image size-large\"><img loading=\"lazy\" decoding=\"async\" width=\"1024\" height=\"683\" src=\"https:\/\/blogdorogeriogomes.com.br\/noticias\/wp-content\/uploads\/2024\/05\/220324_CEI-OROS_GB5216-scaled-1-1140x760-1-1024x683.webp\" alt=\"\" class=\"wp-image-32623\" srcset=\"https:\/\/blogdorogeriogomes.com.br\/noticias\/wp-content\/uploads\/2024\/05\/220324_CEI-OROS_GB5216-scaled-1-1140x760-1-1024x683.webp 1024w, https:\/\/blogdorogeriogomes.com.br\/noticias\/wp-content\/uploads\/2024\/05\/220324_CEI-OROS_GB5216-scaled-1-1140x760-1-300x200.webp 300w, https:\/\/blogdorogeriogomes.com.br\/noticias\/wp-content\/uploads\/2024\/05\/220324_CEI-OROS_GB5216-scaled-1-1140x760-1-768x512.webp 768w, https:\/\/blogdorogeriogomes.com.br\/noticias\/wp-content\/uploads\/2024\/05\/220324_CEI-OROS_GB5216-scaled-1-1140x760-1-800x533.webp 800w, https:\/\/blogdorogeriogomes.com.br\/noticias\/wp-content\/uploads\/2024\/05\/220324_CEI-OROS_GB5216-scaled-1-1140x760-1.webp 1140w\" sizes=\"auto, (max-width: 1024px) 100vw, 1024px\" \/><\/figure>\n","protected":false},"excerpt":{"rendered":"<p>O munic\u00edpio de Itapipoca ser\u00e1 beneficiado pelo Governo do Cear\u00e1 com a instala\u00e7\u00e3o de um Centro de Educa\u00e7\u00e3o Infantil (CEI), nesta segunda-feira, dia 13 de maio. Com o objetivo de fortalecer a pol\u00edtica de desenvolvimento infantil e socializa\u00e7\u00e3o familiar e comunit\u00e1ria na cidade, a inaugura\u00e7\u00e3o do equipamento ter\u00e1 presen\u00e7a da vice-governadora, Jade Romero, da secret\u00e1ria da Prote\u00e7\u00e3o Social (SPS), On\u00e9lia Santana, e do prefeito da cidade, Felipe Pinheiro. O novo CEI, instalado no residencial Dr Vicente Ferreira Gomes, tem&hellip;<\/p>\n","protected":false},"author":1,"featured_media":32623,"comment_status":"open","ping_status":"open","sticky":false,"template":"","format":"standard","meta":{"footnotes":""},"categories":[1],"tags":[],"class_list":["post-32622","post","type-post","status-publish","format-standard","has-post-thumbnail","hentry","category-noticias"],"_links":{"self":[{"href":"https:\/\/blogdorogeriogomes.com.br\/noticias\/wp-json\/wp\/v2\/posts\/32622","targetHints":{"allow":["GET"]}}],"collection":[{"href":"https:\/\/blogdorogeriogomes.com.br\/noticias\/wp-json\/wp\/v2\/posts"}],"about":[{"href":"https:\/\/blogdorogeriogomes.com.br\/noticias\/wp-json\/wp\/v2\/types\/post"}],"author":[{"embeddable":true,"href":"https:\/\/blogdorogeriogomes.com.br\/noticias\/wp-json\/wp\/v2\/users\/1"}],"replies":[{"embeddable":true,"href":"https:\/\/blogdorogeriogomes.com.br\/noticias\/wp-json\/wp\/v2\/comments?post=32622"}],"version-history":[{"count":1,"href":"https:\/\/blogdorogeriogomes.com.br\/noticias\/wp-json\/wp\/v2\/posts\/32622\/revisions"}],"predecessor-version":[{"id":32624,"href":"https:\/\/blogdorogeriogomes.com.br\/noticias\/wp-json\/wp\/v2\/posts\/32622\/revisions\/32624"}],"wp:featuredmedia":[{"embeddable":true,"href":"https:\/\/blogdorogeriogomes.com.br\/noticias\/wp-json\/wp\/v2\/media\/32623"}],"wp:attachment":[{"href":"https:\/\/blogdorogeriogomes.com.br\/noticias\/wp-json\/wp\/v2\/media?parent=32622"}],"wp:term":[{"taxonomy":"category","embeddable":true,"href":"https:\/\/blogdorogeriogomes.com.br\/noticias\/wp-json\/wp\/v2\/categories?post=32622"},{"taxonomy":"post_tag","embeddable":true,"href":"https:\/\/blogdorogeriogomes.com.br\/noticias\/wp-json\/wp\/v2\/tags?post=32622"}],"curies":[{"name":"wp","href":"https:\/\/api.w.org\/{rel}","templated":true}]}}