{"id":32625,"date":"2024-05-12T11:59:24","date_gmt":"2024-05-12T11:59:24","guid":{"rendered":"https:\/\/blogdorogeriogomes.com.br\/noticias\/?p=32625"},"modified":"2024-05-12T11:59:25","modified_gmt":"2024-05-12T11:59:25","slug":"jade-romero-assume-governo-do-ceara-com-viagem-do-governador-elmano-de-freitas-para-holanda","status":"publish","type":"post","link":"https:\/\/blogdorogeriogomes.com.br\/noticias\/2024\/05\/jade-romero-assume-governo-do-ceara-com-viagem-do-governador-elmano-de-freitas-para-holanda\/","title":{"rendered":"Jade Romero assume Governo do Cear\u00e1 com viagem do governador Elmano de Freitas para Holanda"},"content":{"rendered":"\n<p>A vice-governadora do Cear\u00e1, Jade Romero, assumiu o comando do Executivo Estadual, em raz\u00e3o da agenda oficial que o governador Elmano de Freitas vai cumprir at\u00e9 o dia 15 de maio em Amsterd\u00e3 e Roterd\u00e3, na Holanda. A agenda, que integra a II Miss\u00e3o Internacional do Cons\u00f3rcio Nordeste, que ainda passara por Bruxelas e Berlim, ter\u00e1 como foco as pautas ambientais e clim\u00e1ticas cruciais para o desenvolvimento sustent\u00e1vel da regi\u00e3o.<\/p>\n\n\n\n<p>Participam da miss\u00e3o, governadoras, governadores, secret\u00e1rios de Estado do Nordeste, al\u00e9m de representantes do Cons\u00f3rcio Nordeste e da Ag\u00eancia Brasileira de Promo\u00e7\u00e3o de Exporta\u00e7\u00f5es e Investimentos (Apex Brasil).<\/p>\n\n\n\n<p>\u201cViajo para participar do maior evento de hidrog\u00eanio verde do mundo, o World Hydrogen Summit &amp; Exhibition 2024. O re\u00fane mais de 15 mil profissionais da ind\u00fastria de energias e mais de 500 expositores de pa\u00edses que se destacam no segmento no mercado internacional. Ser\u00e1 uma oportunidade de firmarmos parcerias e atrair novas empresas e investidores. A vice-governadora Jade Romero assume o Governo do Estado neste per\u00edodo\u201d, informou Elmano de Freitas.<\/p>\n\n\n\n<p>Durante a miss\u00e3o oficial na Europa, os representantes do Cons\u00f3rcio Nordeste iniciar\u00e3o a jornada participando da World Hydrogen Summit, na cidade de Roterd\u00e3, na Holanda. O evento \u00e9 considerado o maior encontro global sobre hidrog\u00eanio e sua cadeia de valor. H\u00e1 ainda agendas em Amsterd\u00e3, capital do Pa\u00eds. De l\u00e1, as delega\u00e7\u00f5es seguir\u00e3o para Bruxelas e Berlim, onde se reunir\u00e3o com membros da Comiss\u00e3o da Uni\u00e3o Europeia.<\/p>\n\n\n\n<figure class=\"wp-block-image size-large\"><img loading=\"lazy\" decoding=\"async\" width=\"1024\" height=\"684\" src=\"https:\/\/blogdorogeriogomes.com.br\/noticias\/wp-content\/uploads\/2024\/05\/DSC06842-1200x802-1-1024x684.jpg\" alt=\"\" class=\"wp-image-32626\" srcset=\"https:\/\/blogdorogeriogomes.com.br\/noticias\/wp-content\/uploads\/2024\/05\/DSC06842-1200x802-1-1024x684.jpg 1024w, https:\/\/blogdorogeriogomes.com.br\/noticias\/wp-content\/uploads\/2024\/05\/DSC06842-1200x802-1-300x201.jpg 300w, https:\/\/blogdorogeriogomes.com.br\/noticias\/wp-content\/uploads\/2024\/05\/DSC06842-1200x802-1-768x513.jpg 768w, https:\/\/blogdorogeriogomes.com.br\/noticias\/wp-content\/uploads\/2024\/05\/DSC06842-1200x802-1-800x535.jpg 800w, https:\/\/blogdorogeriogomes.com.br\/noticias\/wp-content\/uploads\/2024\/05\/DSC06842-1200x802-1.jpg 1200w\" sizes=\"auto, (max-width: 1024px) 100vw, 1024px\" \/><\/figure>\n\n\n\n<p> <\/p>\n","protected":false},"excerpt":{"rendered":"<p>A vice-governadora do Cear\u00e1, Jade Romero, assumiu o comando do Executivo Estadual, em raz\u00e3o da agenda oficial que o governador Elmano de Freitas vai cumprir at\u00e9 o dia 15 de maio em Amsterd\u00e3 e Roterd\u00e3, na Holanda. A agenda, que integra a II Miss\u00e3o Internacional do Cons\u00f3rcio Nordeste, que ainda passara por Bruxelas e Berlim, ter\u00e1 como foco as pautas ambientais e clim\u00e1ticas cruciais para o desenvolvimento sustent\u00e1vel da regi\u00e3o. Participam da miss\u00e3o, governadoras, governadores, secret\u00e1rios de Estado do&hellip;<\/p>\n","protected":false},"author":1,"featured_media":32626,"comment_status":"open","ping_status":"open","sticky":false,"template":"","format":"standard","meta":{"footnotes":""},"categories":[1],"tags":[],"class_list":["post-32625","post","type-post","status-publish","format-standard","has-post-thumbnail","hentry","category-noticias"],"_links":{"self":[{"href":"https:\/\/blogdorogeriogomes.com.br\/noticias\/wp-json\/wp\/v2\/posts\/32625","targetHints":{"allow":["GET"]}}],"collection":[{"href":"https:\/\/blogdorogeriogomes.com.br\/noticias\/wp-json\/wp\/v2\/posts"}],"about":[{"href":"https:\/\/blogdorogeriogomes.com.br\/noticias\/wp-json\/wp\/v2\/types\/post"}],"author":[{"embeddable":true,"href":"https:\/\/blogdorogeriogomes.com.br\/noticias\/wp-json\/wp\/v2\/users\/1"}],"replies":[{"embeddable":true,"href":"https:\/\/blogdorogeriogomes.com.br\/noticias\/wp-json\/wp\/v2\/comments?post=32625"}],"version-history":[{"count":1,"href":"https:\/\/blogdorogeriogomes.com.br\/noticias\/wp-json\/wp\/v2\/posts\/32625\/revisions"}],"predecessor-version":[{"id":32627,"href":"https:\/\/blogdorogeriogomes.com.br\/noticias\/wp-json\/wp\/v2\/posts\/32625\/revisions\/32627"}],"wp:featuredmedia":[{"embeddable":true,"href":"https:\/\/blogdorogeriogomes.com.br\/noticias\/wp-json\/wp\/v2\/media\/32626"}],"wp:attachment":[{"href":"https:\/\/blogdorogeriogomes.com.br\/noticias\/wp-json\/wp\/v2\/media?parent=32625"}],"wp:term":[{"taxonomy":"category","embeddable":true,"href":"https:\/\/blogdorogeriogomes.com.br\/noticias\/wp-json\/wp\/v2\/categories?post=32625"},{"taxonomy":"post_tag","embeddable":true,"href":"https:\/\/blogdorogeriogomes.com.br\/noticias\/wp-json\/wp\/v2\/tags?post=32625"}],"curies":[{"name":"wp","href":"https:\/\/api.w.org\/{rel}","templated":true}]}}