{"id":32631,"date":"2024-05-13T09:54:58","date_gmt":"2024-05-13T09:54:58","guid":{"rendered":"https:\/\/blogdorogeriogomes.com.br\/noticias\/?p=32631"},"modified":"2024-05-13T09:54:59","modified_gmt":"2024-05-13T09:54:59","slug":"vacinacao-contra-dengue-no-ceara-comeca-nesta-segunda-feira","status":"publish","type":"post","link":"https:\/\/blogdorogeriogomes.com.br\/noticias\/2024\/05\/vacinacao-contra-dengue-no-ceara-comeca-nesta-segunda-feira\/","title":{"rendered":"Vacina\u00e7\u00e3o contra dengue no Cear\u00e1 come\u00e7a nesta segunda-feira"},"content":{"rendered":"\n<p>A partir desta segunda-feira, dia 13 de maio, fortalezenses com idade entre 10 e 14 anos (14 anos, 11 meses e 29 dias) poder\u00e3o receber a vacina contra a dengue. O imunizante estar\u00e1 dispon\u00edvel em 18 postos de sa\u00fade, de segunda a sexta-feira, das 7h30min \u00e0s 18h30min; e aos fins de semana e feriados, em dois postos de sa\u00fade, das 8 \u00e0s 16h30min. No Cear\u00e1, o imunizante est\u00e1 dispon\u00edvel nos munic\u00edpios de Fortaleza, Itaitinga, Eus\u00e9bio e Aquiraz. \u00c9 necess\u00e1rio apresentar documento da crian\u00e7a e do respons\u00e1vel.<\/p>\n\n\n\n<p>Para o in\u00edcio da campanha, foram destinadas a Fortaleza cerca de 38 mil doses do imunizante, referente \u00e0 primeira dose. Aproximadamente 154 mil crian\u00e7as fazem parte do p\u00fablico-alvo na Capital. A vacina visa garantir prote\u00e7\u00e3o contra o v\u00edrus da dengue, sendo segura e eficaz para combater os quatro sorotipos virais da dengue.<\/p>\n\n\n\n<figure class=\"wp-block-image size-large\"><img loading=\"lazy\" decoding=\"async\" width=\"1024\" height=\"683\" src=\"https:\/\/blogdorogeriogomes.com.br\/noticias\/wp-content\/uploads\/2024\/05\/A81P6557-1024x683.jpeg\" alt=\"\" class=\"wp-image-32632\" srcset=\"https:\/\/blogdorogeriogomes.com.br\/noticias\/wp-content\/uploads\/2024\/05\/A81P6557-1024x683.jpeg 1024w, https:\/\/blogdorogeriogomes.com.br\/noticias\/wp-content\/uploads\/2024\/05\/A81P6557-300x200.jpeg 300w, https:\/\/blogdorogeriogomes.com.br\/noticias\/wp-content\/uploads\/2024\/05\/A81P6557-768x512.jpeg 768w, https:\/\/blogdorogeriogomes.com.br\/noticias\/wp-content\/uploads\/2024\/05\/A81P6557-1536x1024.jpeg 1536w, https:\/\/blogdorogeriogomes.com.br\/noticias\/wp-content\/uploads\/2024\/05\/A81P6557-2048x1365.jpeg 2048w, https:\/\/blogdorogeriogomes.com.br\/noticias\/wp-content\/uploads\/2024\/05\/A81P6557-800x533.jpeg 800w\" sizes=\"auto, (max-width: 1024px) 100vw, 1024px\" \/><\/figure>\n","protected":false},"excerpt":{"rendered":"<p>A partir desta segunda-feira, dia 13 de maio, fortalezenses com idade entre 10 e 14 anos (14 anos, 11 meses e 29 dias) poder\u00e3o receber a vacina contra a dengue. O imunizante estar\u00e1 dispon\u00edvel em 18 postos de sa\u00fade, de segunda a sexta-feira, das 7h30min \u00e0s 18h30min; e aos fins de semana e feriados, em dois postos de sa\u00fade, das 8 \u00e0s 16h30min. No Cear\u00e1, o imunizante est\u00e1 dispon\u00edvel nos munic\u00edpios de Fortaleza, Itaitinga, Eus\u00e9bio e Aquiraz. \u00c9 necess\u00e1rio&hellip;<\/p>\n","protected":false},"author":1,"featured_media":32632,"comment_status":"open","ping_status":"open","sticky":false,"template":"","format":"standard","meta":{"footnotes":""},"categories":[1],"tags":[],"class_list":["post-32631","post","type-post","status-publish","format-standard","has-post-thumbnail","hentry","category-noticias"],"_links":{"self":[{"href":"https:\/\/blogdorogeriogomes.com.br\/noticias\/wp-json\/wp\/v2\/posts\/32631","targetHints":{"allow":["GET"]}}],"collection":[{"href":"https:\/\/blogdorogeriogomes.com.br\/noticias\/wp-json\/wp\/v2\/posts"}],"about":[{"href":"https:\/\/blogdorogeriogomes.com.br\/noticias\/wp-json\/wp\/v2\/types\/post"}],"author":[{"embeddable":true,"href":"https:\/\/blogdorogeriogomes.com.br\/noticias\/wp-json\/wp\/v2\/users\/1"}],"replies":[{"embeddable":true,"href":"https:\/\/blogdorogeriogomes.com.br\/noticias\/wp-json\/wp\/v2\/comments?post=32631"}],"version-history":[{"count":1,"href":"https:\/\/blogdorogeriogomes.com.br\/noticias\/wp-json\/wp\/v2\/posts\/32631\/revisions"}],"predecessor-version":[{"id":32633,"href":"https:\/\/blogdorogeriogomes.com.br\/noticias\/wp-json\/wp\/v2\/posts\/32631\/revisions\/32633"}],"wp:featuredmedia":[{"embeddable":true,"href":"https:\/\/blogdorogeriogomes.com.br\/noticias\/wp-json\/wp\/v2\/media\/32632"}],"wp:attachment":[{"href":"https:\/\/blogdorogeriogomes.com.br\/noticias\/wp-json\/wp\/v2\/media?parent=32631"}],"wp:term":[{"taxonomy":"category","embeddable":true,"href":"https:\/\/blogdorogeriogomes.com.br\/noticias\/wp-json\/wp\/v2\/categories?post=32631"},{"taxonomy":"post_tag","embeddable":true,"href":"https:\/\/blogdorogeriogomes.com.br\/noticias\/wp-json\/wp\/v2\/tags?post=32631"}],"curies":[{"name":"wp","href":"https:\/\/api.w.org\/{rel}","templated":true}]}}