{"id":32644,"date":"2024-05-14T10:22:22","date_gmt":"2024-05-14T10:22:22","guid":{"rendered":"https:\/\/blogdorogeriogomes.com.br\/noticias\/?p=32644"},"modified":"2024-05-14T10:22:23","modified_gmt":"2024-05-14T10:22:23","slug":"governador-elmano-de-freitas-da-inicio-a-agenda-na-holanda-dando-destaque-ao-desenvolvimento-sustentavel-e-hidrogenio-verde","status":"publish","type":"post","link":"https:\/\/blogdorogeriogomes.com.br\/noticias\/2024\/05\/governador-elmano-de-freitas-da-inicio-a-agenda-na-holanda-dando-destaque-ao-desenvolvimento-sustentavel-e-hidrogenio-verde\/","title":{"rendered":"Governador Elmano de Freitas d\u00e1 in\u00edcio a agenda na Holanda dando destaque ao desenvolvimento sustent\u00e1vel e hidrog\u00eanio verde"},"content":{"rendered":"\n<p>O governador do Cear\u00e1, Elmano de Freitas, deu in\u00edcio, nesta segunda-feira, dia 13 de maio, a agenda oficial, junto \u00e0 II Miss\u00e3o Internacional do Cons\u00f3rcio Nordeste, em Roterd\u00e3, na Holanda. Os compromissos no pa\u00eds europeu t\u00eam o objetivo de discutir quest\u00f5es ambientais e clim\u00e1ticas cruciais para o desenvolvimento sustent\u00e1vel da regi\u00e3o Nordeste.<\/p>\n\n\n\n<p>Participando do World Hydrogen 2024 Summit, evento considerado o maior encontro global sobre hidrog\u00eanio e sua cadeia de valor, Elmano ressaltou a import\u00e2ncia desse momento para a regi\u00e3o. \u201cEstou com muito orgulho de participar desse encontro do Cons\u00f3rcio Nordeste, com apoio da Apex, e ficamos muito felizes porque constru\u00edmos essa participa\u00e7\u00e3o, essa miss\u00e3o dialogada, um di\u00e1logo muito intenso entre Governo Federal e governos estaduais. E iremos discutir v\u00e1rios interesses do Nordeste nessa miss\u00e3o, seja o Fundo Caatinga ou a apresenta\u00e7\u00e3o do Nordeste como grande polo mundial de transi\u00e7\u00e3o energ\u00e9tica\u201d, destacou o governador.<\/p>\n\n\n\n<p>Com grande potencial para produ\u00e7\u00e3o de Hidrog\u00eanio Verde, o Cear\u00e1 j\u00e1 tem assinados 36 Memorandos de Entendimento para a implanta\u00e7\u00e3o de projetos de hidrog\u00eanio e am\u00f4nia verde no Estado. Al\u00e9m disso, seis pr\u00e9-contratos j\u00e1 foram firmados e correspondem a investimentos de aproximadamente a US$ 10 bilh\u00f5es, em uma \u00e1rea j\u00e1 reservada, no Setor 2 da ZPE Cear\u00e1, de mais de 300 hectares.<\/p>\n\n\n\n<figure class=\"wp-block-image size-large\"><img loading=\"lazy\" decoding=\"async\" width=\"1024\" height=\"768\" src=\"https:\/\/blogdorogeriogomes.com.br\/noticias\/wp-content\/uploads\/2024\/05\/WhatsApp-Image-2024-05-13-at-16.31.09-1200x900-1-1024x768.jpeg\" alt=\"\" class=\"wp-image-32645\" srcset=\"https:\/\/blogdorogeriogomes.com.br\/noticias\/wp-content\/uploads\/2024\/05\/WhatsApp-Image-2024-05-13-at-16.31.09-1200x900-1-1024x768.jpeg 1024w, https:\/\/blogdorogeriogomes.com.br\/noticias\/wp-content\/uploads\/2024\/05\/WhatsApp-Image-2024-05-13-at-16.31.09-1200x900-1-300x225.jpeg 300w, https:\/\/blogdorogeriogomes.com.br\/noticias\/wp-content\/uploads\/2024\/05\/WhatsApp-Image-2024-05-13-at-16.31.09-1200x900-1-768x576.jpeg 768w, https:\/\/blogdorogeriogomes.com.br\/noticias\/wp-content\/uploads\/2024\/05\/WhatsApp-Image-2024-05-13-at-16.31.09-1200x900-1-800x600.jpeg 800w, https:\/\/blogdorogeriogomes.com.br\/noticias\/wp-content\/uploads\/2024\/05\/WhatsApp-Image-2024-05-13-at-16.31.09-1200x900-1-400x300.jpeg 400w, https:\/\/blogdorogeriogomes.com.br\/noticias\/wp-content\/uploads\/2024\/05\/WhatsApp-Image-2024-05-13-at-16.31.09-1200x900-1.jpeg 1200w\" sizes=\"auto, (max-width: 1024px) 100vw, 1024px\" \/><\/figure>\n","protected":false},"excerpt":{"rendered":"<p>O governador do Cear\u00e1, Elmano de Freitas, deu in\u00edcio, nesta segunda-feira, dia 13 de maio, a agenda oficial, junto \u00e0 II Miss\u00e3o Internacional do Cons\u00f3rcio Nordeste, em Roterd\u00e3, na Holanda. Os compromissos no pa\u00eds europeu t\u00eam o objetivo de discutir quest\u00f5es ambientais e clim\u00e1ticas cruciais para o desenvolvimento sustent\u00e1vel da regi\u00e3o Nordeste. Participando do World Hydrogen 2024 Summit, evento considerado o maior encontro global sobre hidrog\u00eanio e sua cadeia de valor, Elmano ressaltou a import\u00e2ncia desse momento para a&hellip;<\/p>\n","protected":false},"author":1,"featured_media":32645,"comment_status":"open","ping_status":"open","sticky":false,"template":"","format":"standard","meta":{"footnotes":""},"categories":[1],"tags":[],"class_list":["post-32644","post","type-post","status-publish","format-standard","has-post-thumbnail","hentry","category-noticias"],"_links":{"self":[{"href":"https:\/\/blogdorogeriogomes.com.br\/noticias\/wp-json\/wp\/v2\/posts\/32644","targetHints":{"allow":["GET"]}}],"collection":[{"href":"https:\/\/blogdorogeriogomes.com.br\/noticias\/wp-json\/wp\/v2\/posts"}],"about":[{"href":"https:\/\/blogdorogeriogomes.com.br\/noticias\/wp-json\/wp\/v2\/types\/post"}],"author":[{"embeddable":true,"href":"https:\/\/blogdorogeriogomes.com.br\/noticias\/wp-json\/wp\/v2\/users\/1"}],"replies":[{"embeddable":true,"href":"https:\/\/blogdorogeriogomes.com.br\/noticias\/wp-json\/wp\/v2\/comments?post=32644"}],"version-history":[{"count":1,"href":"https:\/\/blogdorogeriogomes.com.br\/noticias\/wp-json\/wp\/v2\/posts\/32644\/revisions"}],"predecessor-version":[{"id":32646,"href":"https:\/\/blogdorogeriogomes.com.br\/noticias\/wp-json\/wp\/v2\/posts\/32644\/revisions\/32646"}],"wp:featuredmedia":[{"embeddable":true,"href":"https:\/\/blogdorogeriogomes.com.br\/noticias\/wp-json\/wp\/v2\/media\/32645"}],"wp:attachment":[{"href":"https:\/\/blogdorogeriogomes.com.br\/noticias\/wp-json\/wp\/v2\/media?parent=32644"}],"wp:term":[{"taxonomy":"category","embeddable":true,"href":"https:\/\/blogdorogeriogomes.com.br\/noticias\/wp-json\/wp\/v2\/categories?post=32644"},{"taxonomy":"post_tag","embeddable":true,"href":"https:\/\/blogdorogeriogomes.com.br\/noticias\/wp-json\/wp\/v2\/tags?post=32644"}],"curies":[{"name":"wp","href":"https:\/\/api.w.org\/{rel}","templated":true}]}}