{"id":32647,"date":"2024-05-14T10:34:53","date_gmt":"2024-05-14T10:34:53","guid":{"rendered":"https:\/\/blogdorogeriogomes.com.br\/noticias\/?p=32647"},"modified":"2024-05-14T10:34:54","modified_gmt":"2024-05-14T10:34:54","slug":"evandro-leitao-jose-sarto-e-capitao-wagner-polemizam-nas-redes-sociais-em-torno-da-taxa-do-lixo-em-fortaleza","status":"publish","type":"post","link":"https:\/\/blogdorogeriogomes.com.br\/noticias\/2024\/05\/evandro-leitao-jose-sarto-e-capitao-wagner-polemizam-nas-redes-sociais-em-torno-da-taxa-do-lixo-em-fortaleza\/","title":{"rendered":"Evandro Leit\u00e3o, Jos\u00e9 Sarto e Capit\u00e3o Wagner polemizam nas redes sociais em torno da taxa do lixo em Fortaleza"},"content":{"rendered":"\n<p>O fim de semana que passou foi de troca de farpas entre pr\u00e9-candidatos \u00e0 Prefeitura de Fortaleza. O atual prefeito Jos\u00e9 Sarto (PDT) respondeu a cr\u00edticas do presidente da Assembleia Legislativa, Evandro Leit\u00e3o (PT), sobre a cria\u00e7\u00e3o da taxa do lixo. Leit\u00e3o diz ser contra o imposto e afirmou que vai extinguir a taxa caso seja eleito prefeito da Capital este ano. Sarto chegou a classificar Evandro como &#8220;hip\u00f3crita&#8221; ao defender a extin\u00e7\u00e3o do tributo.<\/p>\n\n\n\n<p>Capit\u00e3o Wagner (Uni\u00e3o Brasil) tamb\u00e9m entrou na discuss\u00e3o. Ele se diz tamb\u00e9m contra a taxa de lixo e reafirmou ter sido o primeiro pr\u00e9-candidato a prefeito a defender a revoga\u00e7\u00e3o do imposto na Capital.<\/p>\n\n\n\n<p>Os embates entre os pr\u00e9-candidatos ao Pa\u00e7o Municipal atrav\u00e9s das redes sociais revelam que a campanha eleitoral em Fortaleza promete um clima bastante tenso. Evandro Leit\u00e3o, que ter\u00e1 o apoio dos Governos Federal e Estadual, deve se tornar alvo de outras candidaturas. No entanto, a administra\u00e7\u00e3o do prefeito Jos\u00e9 Sarto tamb\u00e9m ser\u00e1 bastante questionada pelos advers\u00e1rios ao longo da campanha.<\/p>\n\n\n\n<figure class=\"wp-block-image size-full\"><img loading=\"lazy\" decoding=\"async\" width=\"805\" height=\"360\" src=\"https:\/\/blogdorogeriogomes.com.br\/noticias\/wp-content\/uploads\/2024\/05\/images-13.jpeg\" alt=\"\" class=\"wp-image-32648\" srcset=\"https:\/\/blogdorogeriogomes.com.br\/noticias\/wp-content\/uploads\/2024\/05\/images-13.jpeg 805w, https:\/\/blogdorogeriogomes.com.br\/noticias\/wp-content\/uploads\/2024\/05\/images-13-300x134.jpeg 300w, https:\/\/blogdorogeriogomes.com.br\/noticias\/wp-content\/uploads\/2024\/05\/images-13-768x343.jpeg 768w, https:\/\/blogdorogeriogomes.com.br\/noticias\/wp-content\/uploads\/2024\/05\/images-13-800x358.jpeg 800w\" sizes=\"auto, (max-width: 805px) 100vw, 805px\" \/><\/figure>\n","protected":false},"excerpt":{"rendered":"<p>O fim de semana que passou foi de troca de farpas entre pr\u00e9-candidatos \u00e0 Prefeitura de Fortaleza. O atual prefeito Jos\u00e9 Sarto (PDT) respondeu a cr\u00edticas do presidente da Assembleia Legislativa, Evandro Leit\u00e3o (PT), sobre a cria\u00e7\u00e3o da taxa do lixo. Leit\u00e3o diz ser contra o imposto e afirmou que vai extinguir a taxa caso seja eleito prefeito da Capital este ano. Sarto chegou a classificar Evandro como &#8220;hip\u00f3crita&#8221; ao defender a extin\u00e7\u00e3o do tributo. Capit\u00e3o Wagner (Uni\u00e3o Brasil)&hellip;<\/p>\n","protected":false},"author":1,"featured_media":32648,"comment_status":"open","ping_status":"open","sticky":false,"template":"","format":"standard","meta":{"footnotes":""},"categories":[1],"tags":[],"class_list":["post-32647","post","type-post","status-publish","format-standard","has-post-thumbnail","hentry","category-noticias"],"_links":{"self":[{"href":"https:\/\/blogdorogeriogomes.com.br\/noticias\/wp-json\/wp\/v2\/posts\/32647","targetHints":{"allow":["GET"]}}],"collection":[{"href":"https:\/\/blogdorogeriogomes.com.br\/noticias\/wp-json\/wp\/v2\/posts"}],"about":[{"href":"https:\/\/blogdorogeriogomes.com.br\/noticias\/wp-json\/wp\/v2\/types\/post"}],"author":[{"embeddable":true,"href":"https:\/\/blogdorogeriogomes.com.br\/noticias\/wp-json\/wp\/v2\/users\/1"}],"replies":[{"embeddable":true,"href":"https:\/\/blogdorogeriogomes.com.br\/noticias\/wp-json\/wp\/v2\/comments?post=32647"}],"version-history":[{"count":1,"href":"https:\/\/blogdorogeriogomes.com.br\/noticias\/wp-json\/wp\/v2\/posts\/32647\/revisions"}],"predecessor-version":[{"id":32649,"href":"https:\/\/blogdorogeriogomes.com.br\/noticias\/wp-json\/wp\/v2\/posts\/32647\/revisions\/32649"}],"wp:featuredmedia":[{"embeddable":true,"href":"https:\/\/blogdorogeriogomes.com.br\/noticias\/wp-json\/wp\/v2\/media\/32648"}],"wp:attachment":[{"href":"https:\/\/blogdorogeriogomes.com.br\/noticias\/wp-json\/wp\/v2\/media?parent=32647"}],"wp:term":[{"taxonomy":"category","embeddable":true,"href":"https:\/\/blogdorogeriogomes.com.br\/noticias\/wp-json\/wp\/v2\/categories?post=32647"},{"taxonomy":"post_tag","embeddable":true,"href":"https:\/\/blogdorogeriogomes.com.br\/noticias\/wp-json\/wp\/v2\/tags?post=32647"}],"curies":[{"name":"wp","href":"https:\/\/api.w.org\/{rel}","templated":true}]}}