{"id":32650,"date":"2024-05-15T00:52:26","date_gmt":"2024-05-15T00:52:26","guid":{"rendered":"https:\/\/blogdorogeriogomes.com.br\/noticias\/?p=32650"},"modified":"2024-05-15T00:52:27","modified_gmt":"2024-05-15T00:52:27","slug":"lula-demite-jean-paul-prates-da-presidencia-da-petrobras-magda-chambriard-e-a-substituta","status":"publish","type":"post","link":"https:\/\/blogdorogeriogomes.com.br\/noticias\/2024\/05\/lula-demite-jean-paul-prates-da-presidencia-da-petrobras-magda-chambriard-e-a-substituta\/","title":{"rendered":"Lula demite Jean Paul Prates da presid\u00eancia da Petrobras. Magda Chambriard \u00e9 a substituta"},"content":{"rendered":"\n<p>O presidente Lula comunicou ao presidente da Petrobras, Jean Paul Prates, que ele n\u00e3o permanecer\u00e1 no cargo. Prates de despediu nesta tarde de seus diretores e comunicou \u00e0 equipe que Magda Chambriard ser\u00e1 a nova presidente da Petrobras. Ela foi diretora-geral da Ag\u00eancia Nacional de Petr\u00f3leo (ANP) no governo Dilma Roussef.<\/p>\n\n\n\n<p>Nesta ter\u00e7a-feira, dia 14 de maio, Lula tamb\u00e9m definiu que o ministro Paulo Pimenta, da Secretaria de Comunica\u00e7\u00e3o do Governo Federal, ir\u00e1 assumir o minist\u00e9rio extraordin\u00e1rio que ser\u00e1 anunciado pelo presidente Luiz In\u00e1cio Lula da Silva, nesta quarta-feira, em Porto Alegre, para articular as a\u00e7\u00f5es da Uni\u00e3o durante o processo de reconstru\u00e7\u00e3o do Rio Grande do Sul.<\/p>\n\n\n\n<figure class=\"wp-block-image size-full\"><img loading=\"lazy\" decoding=\"async\" width=\"657\" height=\"443\" src=\"https:\/\/blogdorogeriogomes.com.br\/noticias\/wp-content\/uploads\/2024\/05\/images-14.jpeg\" alt=\"\" class=\"wp-image-32651\" srcset=\"https:\/\/blogdorogeriogomes.com.br\/noticias\/wp-content\/uploads\/2024\/05\/images-14.jpeg 657w, https:\/\/blogdorogeriogomes.com.br\/noticias\/wp-content\/uploads\/2024\/05\/images-14-300x202.jpeg 300w\" sizes=\"auto, (max-width: 657px) 100vw, 657px\" \/><\/figure>\n","protected":false},"excerpt":{"rendered":"<p>O presidente Lula comunicou ao presidente da Petrobras, Jean Paul Prates, que ele n\u00e3o permanecer\u00e1 no cargo. Prates de despediu nesta tarde de seus diretores e comunicou \u00e0 equipe que Magda Chambriard ser\u00e1 a nova presidente da Petrobras. Ela foi diretora-geral da Ag\u00eancia Nacional de Petr\u00f3leo (ANP) no governo Dilma Roussef. Nesta ter\u00e7a-feira, dia 14 de maio, Lula tamb\u00e9m definiu que o ministro Paulo Pimenta, da Secretaria de Comunica\u00e7\u00e3o do Governo Federal, ir\u00e1 assumir o minist\u00e9rio extraordin\u00e1rio que ser\u00e1&hellip;<\/p>\n","protected":false},"author":1,"featured_media":32651,"comment_status":"open","ping_status":"open","sticky":false,"template":"","format":"standard","meta":{"footnotes":""},"categories":[1],"tags":[],"class_list":["post-32650","post","type-post","status-publish","format-standard","has-post-thumbnail","hentry","category-noticias"],"_links":{"self":[{"href":"https:\/\/blogdorogeriogomes.com.br\/noticias\/wp-json\/wp\/v2\/posts\/32650","targetHints":{"allow":["GET"]}}],"collection":[{"href":"https:\/\/blogdorogeriogomes.com.br\/noticias\/wp-json\/wp\/v2\/posts"}],"about":[{"href":"https:\/\/blogdorogeriogomes.com.br\/noticias\/wp-json\/wp\/v2\/types\/post"}],"author":[{"embeddable":true,"href":"https:\/\/blogdorogeriogomes.com.br\/noticias\/wp-json\/wp\/v2\/users\/1"}],"replies":[{"embeddable":true,"href":"https:\/\/blogdorogeriogomes.com.br\/noticias\/wp-json\/wp\/v2\/comments?post=32650"}],"version-history":[{"count":1,"href":"https:\/\/blogdorogeriogomes.com.br\/noticias\/wp-json\/wp\/v2\/posts\/32650\/revisions"}],"predecessor-version":[{"id":32652,"href":"https:\/\/blogdorogeriogomes.com.br\/noticias\/wp-json\/wp\/v2\/posts\/32650\/revisions\/32652"}],"wp:featuredmedia":[{"embeddable":true,"href":"https:\/\/blogdorogeriogomes.com.br\/noticias\/wp-json\/wp\/v2\/media\/32651"}],"wp:attachment":[{"href":"https:\/\/blogdorogeriogomes.com.br\/noticias\/wp-json\/wp\/v2\/media?parent=32650"}],"wp:term":[{"taxonomy":"category","embeddable":true,"href":"https:\/\/blogdorogeriogomes.com.br\/noticias\/wp-json\/wp\/v2\/categories?post=32650"},{"taxonomy":"post_tag","embeddable":true,"href":"https:\/\/blogdorogeriogomes.com.br\/noticias\/wp-json\/wp\/v2\/tags?post=32650"}],"curies":[{"name":"wp","href":"https:\/\/api.w.org\/{rel}","templated":true}]}}