{"id":32653,"date":"2024-05-15T01:06:19","date_gmt":"2024-05-15T01:06:19","guid":{"rendered":"https:\/\/blogdorogeriogomes.com.br\/noticias\/?p=32653"},"modified":"2024-05-15T01:06:20","modified_gmt":"2024-05-15T01:06:20","slug":"jose-sarto-confirma-antecipacao-da-primeira-parcela-do-13-salario-dos-servidores-municipais-em-fortaleza-para-1-de-junho","status":"publish","type":"post","link":"https:\/\/blogdorogeriogomes.com.br\/noticias\/2024\/05\/jose-sarto-confirma-antecipacao-da-primeira-parcela-do-13-salario-dos-servidores-municipais-em-fortaleza-para-1-de-junho\/","title":{"rendered":"Jos\u00e9 Sarto confirma antecipa\u00e7\u00e3o da primeira parcela do 13\u00b0 sal\u00e1rio dos servidores municipais em Fortaleza para 1\u00b0 de junho"},"content":{"rendered":"\n<p>O prefeito Jos\u00e9 Sarto anunciou a antecipa\u00e7\u00e3o da primeira parcela do 13\u00ba sal\u00e1rio dos servidores municipais de Fortaleza para 1\u00ba de junho. &#8220;S\u00e3o mais de 55 mil servidores ativos e inativos beneficiados com o adiantamento da primeira parcela do 13\u00b0. Isso representa um impacto financeiro na ordem de 566 milh\u00f5es de reais na folha. Not\u00edcia boa para os servidores e tamb\u00e9m para a economia. \u00c9 mais dinheiro circulando na cidade criando mais oportunidade de emprego e renda&#8221;, informou.<\/p>\n\n\n\n<p>O governador Elmano de Freitas tamb\u00e9m antecipou o pagamento do benef\u00edcio. A primeira parcela do 13\u00ba sal\u00e1rio dos servidores estaduais j\u00e1 foi paga na \u00faltima sexta-feira, dia 10 de maio. Atualmente, s\u00e3o 163 mil servidores entre ativos, inativos e pensionistas no Estado.<br><\/p>\n\n\n\n<figure class=\"wp-block-image size-full\"><img loading=\"lazy\" decoding=\"async\" width=\"984\" height=\"656\" src=\"https:\/\/blogdorogeriogomes.com.br\/noticias\/wp-content\/uploads\/2024\/05\/realdinheiro-moeda-1310202271.jpg\" alt=\"\" class=\"wp-image-32654\" srcset=\"https:\/\/blogdorogeriogomes.com.br\/noticias\/wp-content\/uploads\/2024\/05\/realdinheiro-moeda-1310202271.jpg 984w, https:\/\/blogdorogeriogomes.com.br\/noticias\/wp-content\/uploads\/2024\/05\/realdinheiro-moeda-1310202271-300x200.jpg 300w, https:\/\/blogdorogeriogomes.com.br\/noticias\/wp-content\/uploads\/2024\/05\/realdinheiro-moeda-1310202271-768x512.jpg 768w, https:\/\/blogdorogeriogomes.com.br\/noticias\/wp-content\/uploads\/2024\/05\/realdinheiro-moeda-1310202271-800x533.jpg 800w\" sizes=\"auto, (max-width: 984px) 100vw, 984px\" \/><\/figure>\n","protected":false},"excerpt":{"rendered":"<p>O prefeito Jos\u00e9 Sarto anunciou a antecipa\u00e7\u00e3o da primeira parcela do 13\u00ba sal\u00e1rio dos servidores municipais de Fortaleza para 1\u00ba de junho. &#8220;S\u00e3o mais de 55 mil servidores ativos e inativos beneficiados com o adiantamento da primeira parcela do 13\u00b0. Isso representa um impacto financeiro na ordem de 566 milh\u00f5es de reais na folha. Not\u00edcia boa para os servidores e tamb\u00e9m para a economia. \u00c9 mais dinheiro circulando na cidade criando mais oportunidade de emprego e renda&#8221;, informou. O&hellip;<\/p>\n","protected":false},"author":1,"featured_media":32654,"comment_status":"open","ping_status":"open","sticky":false,"template":"","format":"standard","meta":{"footnotes":""},"categories":[1],"tags":[],"class_list":["post-32653","post","type-post","status-publish","format-standard","has-post-thumbnail","hentry","category-noticias"],"_links":{"self":[{"href":"https:\/\/blogdorogeriogomes.com.br\/noticias\/wp-json\/wp\/v2\/posts\/32653","targetHints":{"allow":["GET"]}}],"collection":[{"href":"https:\/\/blogdorogeriogomes.com.br\/noticias\/wp-json\/wp\/v2\/posts"}],"about":[{"href":"https:\/\/blogdorogeriogomes.com.br\/noticias\/wp-json\/wp\/v2\/types\/post"}],"author":[{"embeddable":true,"href":"https:\/\/blogdorogeriogomes.com.br\/noticias\/wp-json\/wp\/v2\/users\/1"}],"replies":[{"embeddable":true,"href":"https:\/\/blogdorogeriogomes.com.br\/noticias\/wp-json\/wp\/v2\/comments?post=32653"}],"version-history":[{"count":1,"href":"https:\/\/blogdorogeriogomes.com.br\/noticias\/wp-json\/wp\/v2\/posts\/32653\/revisions"}],"predecessor-version":[{"id":32655,"href":"https:\/\/blogdorogeriogomes.com.br\/noticias\/wp-json\/wp\/v2\/posts\/32653\/revisions\/32655"}],"wp:featuredmedia":[{"embeddable":true,"href":"https:\/\/blogdorogeriogomes.com.br\/noticias\/wp-json\/wp\/v2\/media\/32654"}],"wp:attachment":[{"href":"https:\/\/blogdorogeriogomes.com.br\/noticias\/wp-json\/wp\/v2\/media?parent=32653"}],"wp:term":[{"taxonomy":"category","embeddable":true,"href":"https:\/\/blogdorogeriogomes.com.br\/noticias\/wp-json\/wp\/v2\/categories?post=32653"},{"taxonomy":"post_tag","embeddable":true,"href":"https:\/\/blogdorogeriogomes.com.br\/noticias\/wp-json\/wp\/v2\/tags?post=32653"}],"curies":[{"name":"wp","href":"https:\/\/api.w.org\/{rel}","templated":true}]}}