{"id":32662,"date":"2024-05-15T10:33:00","date_gmt":"2024-05-15T10:33:00","guid":{"rendered":"https:\/\/blogdorogeriogomes.com.br\/noticias\/?p=32662"},"modified":"2024-05-15T10:33:01","modified_gmt":"2024-05-15T10:33:01","slug":"programa-sertao-vivo-sera-lancado-no-ceara-nesta-quarta-feira-no-palacio-da-abolicao","status":"publish","type":"post","link":"https:\/\/blogdorogeriogomes.com.br\/noticias\/2024\/05\/programa-sertao-vivo-sera-lancado-no-ceara-nesta-quarta-feira-no-palacio-da-abolicao\/","title":{"rendered":"Programa Sert\u00e3o Vivo ser\u00e1 lan\u00e7ado no Cear\u00e1 nesta quarta-feira\u00a0no Pal\u00e1cio da Aboli\u00e7\u00e3o"},"content":{"rendered":"\n<p>O programa \u201cSert\u00e3o Vivo, Semeando Resili\u00eancia Clim\u00e1tica em Comunidades Rurais no Nordeste\u201d ser\u00e1 lan\u00e7ado no Cear\u00e1, nesta quarta-feira, dia 15 de maio, no Pal\u00e1cio da Aboli\u00e7\u00e3o. O governador Elmano de Freitas, o titular da Secretaria do Desenvolvimento Agr\u00e1rio do Cear\u00e1 (SDA), Mois\u00e9s Braz, o presidente do Banco Nacional de Desenvolvimento Econ\u00f4mico e Social (BNDES), Alo\u00edzio Mercadante, e a diretora socioambiental da institui\u00e7\u00e3o, Tereza Campello, participam do lan\u00e7amento. O Cear\u00e1 ser\u00e1 contemplado com R$ 251,6 milh\u00f5es do projeto.<\/p>\n\n\n\n<p>A iniciativa visa apoiar a popula\u00e7\u00e3o rural do Semi\u00e1rido do Nordeste brasileiro a aumentar a sua resili\u00eancia clim\u00e1tica e vai beneficiar 63.111 fam\u00edlias em 72 munic\u00edpios do semi\u00e1rido cearense, em a\u00e7\u00e3o organizada em tr\u00eas componentes. S\u00e3o eles: financiamento de sistemas produtivos resilientes ao clima (CRPS); financiamento de acesso \u00e0 \u00e1gua para produ\u00e7\u00e3o; e gest\u00e3o do conhecimento e amplia\u00e7\u00e3o de escala.<\/p>\n\n\n\n<p>Lan\u00e7ado em outubro do ano passado pelo Governo Federal, o Sert\u00e3o Vivo tem o objetivo de reduzir os efeitos da mudan\u00e7a clim\u00e1tica, fortalecer a agricultura familiar, aumentar a produtividade e combater a fome no Nordeste. O investimento total \u00e9 de R$ 1,75 bilh\u00e3o.<\/p>\n\n\n\n<figure class=\"wp-block-image size-full\"><img loading=\"lazy\" decoding=\"async\" width=\"678\" height=\"452\" src=\"https:\/\/blogdorogeriogomes.com.br\/noticias\/wp-content\/uploads\/2024\/05\/images-16.jpeg\" alt=\"\" class=\"wp-image-32663\" srcset=\"https:\/\/blogdorogeriogomes.com.br\/noticias\/wp-content\/uploads\/2024\/05\/images-16.jpeg 678w, https:\/\/blogdorogeriogomes.com.br\/noticias\/wp-content\/uploads\/2024\/05\/images-16-300x200.jpeg 300w\" sizes=\"auto, (max-width: 678px) 100vw, 678px\" \/><\/figure>\n","protected":false},"excerpt":{"rendered":"<p>O programa \u201cSert\u00e3o Vivo, Semeando Resili\u00eancia Clim\u00e1tica em Comunidades Rurais no Nordeste\u201d ser\u00e1 lan\u00e7ado no Cear\u00e1, nesta quarta-feira, dia 15 de maio, no Pal\u00e1cio da Aboli\u00e7\u00e3o. O governador Elmano de Freitas, o titular da Secretaria do Desenvolvimento Agr\u00e1rio do Cear\u00e1 (SDA), Mois\u00e9s Braz, o presidente do Banco Nacional de Desenvolvimento Econ\u00f4mico e Social (BNDES), Alo\u00edzio Mercadante, e a diretora socioambiental da institui\u00e7\u00e3o, Tereza Campello, participam do lan\u00e7amento. O Cear\u00e1 ser\u00e1 contemplado com R$ 251,6 milh\u00f5es do projeto. A iniciativa&hellip;<\/p>\n","protected":false},"author":1,"featured_media":32663,"comment_status":"open","ping_status":"open","sticky":false,"template":"","format":"standard","meta":{"footnotes":""},"categories":[1],"tags":[],"class_list":["post-32662","post","type-post","status-publish","format-standard","has-post-thumbnail","hentry","category-noticias"],"_links":{"self":[{"href":"https:\/\/blogdorogeriogomes.com.br\/noticias\/wp-json\/wp\/v2\/posts\/32662","targetHints":{"allow":["GET"]}}],"collection":[{"href":"https:\/\/blogdorogeriogomes.com.br\/noticias\/wp-json\/wp\/v2\/posts"}],"about":[{"href":"https:\/\/blogdorogeriogomes.com.br\/noticias\/wp-json\/wp\/v2\/types\/post"}],"author":[{"embeddable":true,"href":"https:\/\/blogdorogeriogomes.com.br\/noticias\/wp-json\/wp\/v2\/users\/1"}],"replies":[{"embeddable":true,"href":"https:\/\/blogdorogeriogomes.com.br\/noticias\/wp-json\/wp\/v2\/comments?post=32662"}],"version-history":[{"count":1,"href":"https:\/\/blogdorogeriogomes.com.br\/noticias\/wp-json\/wp\/v2\/posts\/32662\/revisions"}],"predecessor-version":[{"id":32664,"href":"https:\/\/blogdorogeriogomes.com.br\/noticias\/wp-json\/wp\/v2\/posts\/32662\/revisions\/32664"}],"wp:featuredmedia":[{"embeddable":true,"href":"https:\/\/blogdorogeriogomes.com.br\/noticias\/wp-json\/wp\/v2\/media\/32663"}],"wp:attachment":[{"href":"https:\/\/blogdorogeriogomes.com.br\/noticias\/wp-json\/wp\/v2\/media?parent=32662"}],"wp:term":[{"taxonomy":"category","embeddable":true,"href":"https:\/\/blogdorogeriogomes.com.br\/noticias\/wp-json\/wp\/v2\/categories?post=32662"},{"taxonomy":"post_tag","embeddable":true,"href":"https:\/\/blogdorogeriogomes.com.br\/noticias\/wp-json\/wp\/v2\/tags?post=32662"}],"curies":[{"name":"wp","href":"https:\/\/api.w.org\/{rel}","templated":true}]}}