{"id":32668,"date":"2024-05-16T10:16:07","date_gmt":"2024-05-16T10:16:07","guid":{"rendered":"https:\/\/blogdorogeriogomes.com.br\/noticias\/?p=32668"},"modified":"2024-05-16T10:16:08","modified_gmt":"2024-05-16T10:16:08","slug":"ibama-embarga-servico-de-desmatamento-em-area-do-aeroporto-que-foi-escolhida-para-a-realizacao-do-fortal-2024","status":"publish","type":"post","link":"https:\/\/blogdorogeriogomes.com.br\/noticias\/2024\/05\/ibama-embarga-servico-de-desmatamento-em-area-do-aeroporto-que-foi-escolhida-para-a-realizacao-do-fortal-2024\/","title":{"rendered":"Ibama embarga servi\u00e7o de desmatamento em \u00e1rea do aeroporto que foi escolhida para a realiza\u00e7\u00e3o do Fortal 2024"},"content":{"rendered":"\n<p>Fiscais do Instituto Brasileiro do Meio Ambiente e dos Recursos Naturais Renov\u00e1veis (Ibama) no Cear\u00e1 embargaram, nesta quarta-feira, dia 15 de maio, as obras de desmatamento na \u00e1rea escolhida para a realiza\u00e7\u00e3o do Fortal, que ser\u00e1 realizado entre os dias 18 e 21 de julho, na \u00e1rea localizada na Avenida senador Carlos Jereissati, ao lado do Aeroporto Internacional Pinto Martins, no bairro Serrinha. Agentes do Ibama foram ao local e constataram que \u00e1rvores adultas nativas da Mata Atl\u00e2ntica estavam sendo derrubadas.<\/p>\n\n\n\n<p>Al\u00e9m do embargo da obra, os servidores do Ibama aplicaram uma multa \u00e0 empresa. O vereador de Fortaleza, Gabriel Aguiar (Psol), tem defendido que a empresa promotora do Fortal escolha um outro local para a realiza\u00e7\u00e3o do evento, para evitar o desmatamento da \u00e1rea e qualquer risco para aterrisagens e decolagens no aeroporto.<\/p>\n\n\n\n<figure class=\"wp-block-image size-full\"><img loading=\"lazy\" decoding=\"async\" width=\"800\" height=\"450\" src=\"https:\/\/blogdorogeriogomes.com.br\/noticias\/wp-content\/uploads\/2024\/05\/fortal-micareta-de-fortaleza-desmatamento-mata-atlantica-imagem-divulgacao.jpg\" alt=\"\" class=\"wp-image-32669\" srcset=\"https:\/\/blogdorogeriogomes.com.br\/noticias\/wp-content\/uploads\/2024\/05\/fortal-micareta-de-fortaleza-desmatamento-mata-atlantica-imagem-divulgacao.jpg 800w, https:\/\/blogdorogeriogomes.com.br\/noticias\/wp-content\/uploads\/2024\/05\/fortal-micareta-de-fortaleza-desmatamento-mata-atlantica-imagem-divulgacao-300x169.jpg 300w, https:\/\/blogdorogeriogomes.com.br\/noticias\/wp-content\/uploads\/2024\/05\/fortal-micareta-de-fortaleza-desmatamento-mata-atlantica-imagem-divulgacao-768x432.jpg 768w\" sizes=\"auto, (max-width: 800px) 100vw, 800px\" \/><\/figure>\n","protected":false},"excerpt":{"rendered":"<p>Fiscais do Instituto Brasileiro do Meio Ambiente e dos Recursos Naturais Renov\u00e1veis (Ibama) no Cear\u00e1 embargaram, nesta quarta-feira, dia 15 de maio, as obras de desmatamento na \u00e1rea escolhida para a realiza\u00e7\u00e3o do Fortal, que ser\u00e1 realizado entre os dias 18 e 21 de julho, na \u00e1rea localizada na Avenida senador Carlos Jereissati, ao lado do Aeroporto Internacional Pinto Martins, no bairro Serrinha. Agentes do Ibama foram ao local e constataram que \u00e1rvores adultas nativas da Mata Atl\u00e2ntica estavam&hellip;<\/p>\n","protected":false},"author":1,"featured_media":32669,"comment_status":"open","ping_status":"open","sticky":false,"template":"","format":"standard","meta":{"footnotes":""},"categories":[1],"tags":[],"class_list":["post-32668","post","type-post","status-publish","format-standard","has-post-thumbnail","hentry","category-noticias"],"_links":{"self":[{"href":"https:\/\/blogdorogeriogomes.com.br\/noticias\/wp-json\/wp\/v2\/posts\/32668","targetHints":{"allow":["GET"]}}],"collection":[{"href":"https:\/\/blogdorogeriogomes.com.br\/noticias\/wp-json\/wp\/v2\/posts"}],"about":[{"href":"https:\/\/blogdorogeriogomes.com.br\/noticias\/wp-json\/wp\/v2\/types\/post"}],"author":[{"embeddable":true,"href":"https:\/\/blogdorogeriogomes.com.br\/noticias\/wp-json\/wp\/v2\/users\/1"}],"replies":[{"embeddable":true,"href":"https:\/\/blogdorogeriogomes.com.br\/noticias\/wp-json\/wp\/v2\/comments?post=32668"}],"version-history":[{"count":1,"href":"https:\/\/blogdorogeriogomes.com.br\/noticias\/wp-json\/wp\/v2\/posts\/32668\/revisions"}],"predecessor-version":[{"id":32670,"href":"https:\/\/blogdorogeriogomes.com.br\/noticias\/wp-json\/wp\/v2\/posts\/32668\/revisions\/32670"}],"wp:featuredmedia":[{"embeddable":true,"href":"https:\/\/blogdorogeriogomes.com.br\/noticias\/wp-json\/wp\/v2\/media\/32669"}],"wp:attachment":[{"href":"https:\/\/blogdorogeriogomes.com.br\/noticias\/wp-json\/wp\/v2\/media?parent=32668"}],"wp:term":[{"taxonomy":"category","embeddable":true,"href":"https:\/\/blogdorogeriogomes.com.br\/noticias\/wp-json\/wp\/v2\/categories?post=32668"},{"taxonomy":"post_tag","embeddable":true,"href":"https:\/\/blogdorogeriogomes.com.br\/noticias\/wp-json\/wp\/v2\/tags?post=32668"}],"curies":[{"name":"wp","href":"https:\/\/api.w.org\/{rel}","templated":true}]}}