{"id":32674,"date":"2024-05-16T10:42:08","date_gmt":"2024-05-16T10:42:08","guid":{"rendered":"https:\/\/blogdorogeriogomes.com.br\/noticias\/?p=32674"},"modified":"2024-05-16T10:42:09","modified_gmt":"2024-05-16T10:42:09","slug":"fortaleza-recebe-novos-onibus-e-novas-rotas-a-partir-desta-quinta-feira-diz-prefeito-jose-sarto","status":"publish","type":"post","link":"https:\/\/blogdorogeriogomes.com.br\/noticias\/2024\/05\/fortaleza-recebe-novos-onibus-e-novas-rotas-a-partir-desta-quinta-feira-diz-prefeito-jose-sarto\/","title":{"rendered":"Fortaleza recebe novos \u00f4nibus e novas rotas a partir desta quinta-feira, diz prefeito Jos\u00e9 Sarto"},"content":{"rendered":"\n<p>Durante entrega da requalifica\u00e7\u00e3o de uma escola no bairro S\u00e3o Gerardo, o prefeito de Fortaleza, Jos\u00e9 Sarto, anunciou que, a partir desta quinta-feira, dia 15 de maio, haver\u00e1 amplia\u00e7\u00e3o na frota de \u00f4nibus que faz o\u00a0transporte p\u00fablico na Capital com 52 novos ve\u00edculos. Tamb\u00e9m est\u00e1 previsto o acr\u00e9scimo de cerca de 10 novas rotas, que ocorrer\u00e1 de forma gradual.<\/p>\n\n\n\n<p>Jos\u00e9 Sarto salientou que os ve\u00edculos s\u00e3o &#8220;modernos, com conectividade, ar condicionado, menos poluentes&#8221;. Na \u00faltima segunda-feira, dia 13, o\u00a0Minist\u00e9rio P\u00fablico do Estado do Cear\u00e1 cobrou explica\u00e7\u00f5es sobre a redu\u00e7\u00e3o de viagens de algumas linhas de \u00f4nibus em circula\u00e7\u00e3o na Capital para a Empresa de Transporte Urbano de Fortaleza (Etufor) e para o Sindicato das Empresas de Transporte de Passageiros do Estado do Cear\u00e1 (Sindionibus).<br><\/p>\n\n\n\n<figure class=\"wp-block-image size-full\"><img loading=\"lazy\" decoding=\"async\" width=\"984\" height=\"578\" src=\"https:\/\/blogdorogeriogomes.com.br\/noticias\/wp-content\/uploads\/2024\/05\/terminal-praca-coracao-de-jesus.jpg\" alt=\"\" class=\"wp-image-32675\" srcset=\"https:\/\/blogdorogeriogomes.com.br\/noticias\/wp-content\/uploads\/2024\/05\/terminal-praca-coracao-de-jesus.jpg 984w, https:\/\/blogdorogeriogomes.com.br\/noticias\/wp-content\/uploads\/2024\/05\/terminal-praca-coracao-de-jesus-300x176.jpg 300w, https:\/\/blogdorogeriogomes.com.br\/noticias\/wp-content\/uploads\/2024\/05\/terminal-praca-coracao-de-jesus-768x451.jpg 768w, https:\/\/blogdorogeriogomes.com.br\/noticias\/wp-content\/uploads\/2024\/05\/terminal-praca-coracao-de-jesus-800x470.jpg 800w\" sizes=\"auto, (max-width: 984px) 100vw, 984px\" \/><\/figure>\n\n\n\n<p><br><\/p>\n\n\n\n<p><br><\/p>\n","protected":false},"excerpt":{"rendered":"<p>Durante entrega da requalifica\u00e7\u00e3o de uma escola no bairro S\u00e3o Gerardo, o prefeito de Fortaleza, Jos\u00e9 Sarto, anunciou que, a partir desta quinta-feira, dia 15 de maio, haver\u00e1 amplia\u00e7\u00e3o na frota de \u00f4nibus que faz o\u00a0transporte p\u00fablico na Capital com 52 novos ve\u00edculos. Tamb\u00e9m est\u00e1 previsto o acr\u00e9scimo de cerca de 10 novas rotas, que ocorrer\u00e1 de forma gradual. Jos\u00e9 Sarto salientou que os ve\u00edculos s\u00e3o &#8220;modernos, com conectividade, ar condicionado, menos poluentes&#8221;. Na \u00faltima segunda-feira, dia 13, o\u00a0Minist\u00e9rio&hellip;<\/p>\n","protected":false},"author":1,"featured_media":32675,"comment_status":"open","ping_status":"open","sticky":false,"template":"","format":"standard","meta":{"footnotes":""},"categories":[1],"tags":[],"class_list":["post-32674","post","type-post","status-publish","format-standard","has-post-thumbnail","hentry","category-noticias"],"_links":{"self":[{"href":"https:\/\/blogdorogeriogomes.com.br\/noticias\/wp-json\/wp\/v2\/posts\/32674","targetHints":{"allow":["GET"]}}],"collection":[{"href":"https:\/\/blogdorogeriogomes.com.br\/noticias\/wp-json\/wp\/v2\/posts"}],"about":[{"href":"https:\/\/blogdorogeriogomes.com.br\/noticias\/wp-json\/wp\/v2\/types\/post"}],"author":[{"embeddable":true,"href":"https:\/\/blogdorogeriogomes.com.br\/noticias\/wp-json\/wp\/v2\/users\/1"}],"replies":[{"embeddable":true,"href":"https:\/\/blogdorogeriogomes.com.br\/noticias\/wp-json\/wp\/v2\/comments?post=32674"}],"version-history":[{"count":1,"href":"https:\/\/blogdorogeriogomes.com.br\/noticias\/wp-json\/wp\/v2\/posts\/32674\/revisions"}],"predecessor-version":[{"id":32676,"href":"https:\/\/blogdorogeriogomes.com.br\/noticias\/wp-json\/wp\/v2\/posts\/32674\/revisions\/32676"}],"wp:featuredmedia":[{"embeddable":true,"href":"https:\/\/blogdorogeriogomes.com.br\/noticias\/wp-json\/wp\/v2\/media\/32675"}],"wp:attachment":[{"href":"https:\/\/blogdorogeriogomes.com.br\/noticias\/wp-json\/wp\/v2\/media?parent=32674"}],"wp:term":[{"taxonomy":"category","embeddable":true,"href":"https:\/\/blogdorogeriogomes.com.br\/noticias\/wp-json\/wp\/v2\/categories?post=32674"},{"taxonomy":"post_tag","embeddable":true,"href":"https:\/\/blogdorogeriogomes.com.br\/noticias\/wp-json\/wp\/v2\/tags?post=32674"}],"curies":[{"name":"wp","href":"https:\/\/api.w.org\/{rel}","templated":true}]}}