{"id":32677,"date":"2024-05-16T21:51:23","date_gmt":"2024-05-16T21:51:23","guid":{"rendered":"https:\/\/blogdorogeriogomes.com.br\/noticias\/?p=32677"},"modified":"2024-05-16T21:51:23","modified_gmt":"2024-05-16T21:51:23","slug":"prefeitura-de-fortaleza-define-programacao-do-sao-joao-2024-com-quadrilhas-juninas-e-atracoes-nacionais-no-aterrinho-da-praia-de-iracema","status":"publish","type":"post","link":"https:\/\/blogdorogeriogomes.com.br\/noticias\/2024\/05\/prefeitura-de-fortaleza-define-programacao-do-sao-joao-2024-com-quadrilhas-juninas-e-atracoes-nacionais-no-aterrinho-da-praia-de-iracema\/","title":{"rendered":"Prefeitura de Fortaleza define programa\u00e7\u00e3o do S\u00e3o Jo\u00e3o 2024 com quadrilhas juninas e atra\u00e7\u00f5es nacionais no Aterrinho da Praia de Iracema"},"content":{"rendered":"\n<p>A Prefeitura de Fortaleza definiu a programa\u00e7\u00e3o do S\u00e3o Jo\u00e3o 2024, com atra\u00e7\u00f5es nacionais, apresenta\u00e7\u00e3o de quadrilhas juninas e a\u00e7\u00f5es de sustentabilidade. Entre os dias 28 e 30 de junho, o Aterrinho da Praia de Iracema receber\u00e1 grandes shows musicais, puxados por Geraldo Azevedo e Zez\u00e9 Di Camargo &amp; Luciano, que prometem animar fortalezenses e turistas. Todos os cach\u00eas dos artistas ser\u00e3o custeados pelos patrocinadores do evento.<\/p>\n\n\n\n<p>Al\u00e9m dos shows musicais previstos, duas quadrilhas juninas se apresentar\u00e3o todos os dias no palco, selecionadas a partir da pontua\u00e7\u00e3o obtida no edital das quadrilhas juninas realizado pela Secretaria Municipal de Cultura de Fortaleza (Secultfor). A expectativa \u00e9 receber 500 mil pessoas nos tr\u00eas dias de festas no Aterrinho da Praia de Iracema.<\/p>\n\n\n\n<figure class=\"wp-block-image size-full\"><img loading=\"lazy\" decoding=\"async\" width=\"678\" height=\"452\" src=\"https:\/\/blogdorogeriogomes.com.br\/noticias\/wp-content\/uploads\/2024\/05\/images-17.jpeg\" alt=\"\" class=\"wp-image-32678\" srcset=\"https:\/\/blogdorogeriogomes.com.br\/noticias\/wp-content\/uploads\/2024\/05\/images-17.jpeg 678w, https:\/\/blogdorogeriogomes.com.br\/noticias\/wp-content\/uploads\/2024\/05\/images-17-300x200.jpeg 300w\" sizes=\"auto, (max-width: 678px) 100vw, 678px\" \/><\/figure>\n","protected":false},"excerpt":{"rendered":"<p>A Prefeitura de Fortaleza definiu a programa\u00e7\u00e3o do S\u00e3o Jo\u00e3o 2024, com atra\u00e7\u00f5es nacionais, apresenta\u00e7\u00e3o de quadrilhas juninas e a\u00e7\u00f5es de sustentabilidade. Entre os dias 28 e 30 de junho, o Aterrinho da Praia de Iracema receber\u00e1 grandes shows musicais, puxados por Geraldo Azevedo e Zez\u00e9 Di Camargo &amp; Luciano, que prometem animar fortalezenses e turistas. Todos os cach\u00eas dos artistas ser\u00e3o custeados pelos patrocinadores do evento. Al\u00e9m dos shows musicais previstos, duas quadrilhas juninas se apresentar\u00e3o todos os&hellip;<\/p>\n","protected":false},"author":1,"featured_media":32678,"comment_status":"open","ping_status":"open","sticky":false,"template":"","format":"standard","meta":{"footnotes":""},"categories":[1],"tags":[],"class_list":["post-32677","post","type-post","status-publish","format-standard","has-post-thumbnail","hentry","category-noticias"],"_links":{"self":[{"href":"https:\/\/blogdorogeriogomes.com.br\/noticias\/wp-json\/wp\/v2\/posts\/32677","targetHints":{"allow":["GET"]}}],"collection":[{"href":"https:\/\/blogdorogeriogomes.com.br\/noticias\/wp-json\/wp\/v2\/posts"}],"about":[{"href":"https:\/\/blogdorogeriogomes.com.br\/noticias\/wp-json\/wp\/v2\/types\/post"}],"author":[{"embeddable":true,"href":"https:\/\/blogdorogeriogomes.com.br\/noticias\/wp-json\/wp\/v2\/users\/1"}],"replies":[{"embeddable":true,"href":"https:\/\/blogdorogeriogomes.com.br\/noticias\/wp-json\/wp\/v2\/comments?post=32677"}],"version-history":[{"count":1,"href":"https:\/\/blogdorogeriogomes.com.br\/noticias\/wp-json\/wp\/v2\/posts\/32677\/revisions"}],"predecessor-version":[{"id":32679,"href":"https:\/\/blogdorogeriogomes.com.br\/noticias\/wp-json\/wp\/v2\/posts\/32677\/revisions\/32679"}],"wp:featuredmedia":[{"embeddable":true,"href":"https:\/\/blogdorogeriogomes.com.br\/noticias\/wp-json\/wp\/v2\/media\/32678"}],"wp:attachment":[{"href":"https:\/\/blogdorogeriogomes.com.br\/noticias\/wp-json\/wp\/v2\/media?parent=32677"}],"wp:term":[{"taxonomy":"category","embeddable":true,"href":"https:\/\/blogdorogeriogomes.com.br\/noticias\/wp-json\/wp\/v2\/categories?post=32677"},{"taxonomy":"post_tag","embeddable":true,"href":"https:\/\/blogdorogeriogomes.com.br\/noticias\/wp-json\/wp\/v2\/tags?post=32677"}],"curies":[{"name":"wp","href":"https:\/\/api.w.org\/{rel}","templated":true}]}}