{"id":32680,"date":"2024-05-17T09:26:21","date_gmt":"2024-05-17T09:26:21","guid":{"rendered":"https:\/\/blogdorogeriogomes.com.br\/noticias\/?p=32680"},"modified":"2024-05-17T09:27:21","modified_gmt":"2024-05-17T09:27:21","slug":"camara-de-fortaleza-aprova-projetos-que-retiram-protecao-de-areas-do-parque-rachel-de-queiroz","status":"publish","type":"post","link":"https:\/\/blogdorogeriogomes.com.br\/noticias\/2024\/05\/camara-de-fortaleza-aprova-projetos-que-retiram-protecao-de-areas-do-parque-rachel-de-queiroz\/","title":{"rendered":"C\u00e2mara de Fortaleza aprova projetos que retiram prote\u00e7\u00e3o de \u00e1reas do Parque Rachel de Queiroz"},"content":{"rendered":"\n<p>Os vereadores de Fortaleza aprovaram dois projetos de lei que alteram a classifica\u00e7\u00e3o de \u00e1reas de prote\u00e7\u00e3o ambiental \u00e0s margens do Parque Linear Rachel de Queiroz, nos bairros Presidente Kennedy e S\u00e3o Gerardo. A medida, na pr\u00e1tica, flexibiliza a ocupa\u00e7\u00e3o das \u00e1reas para outras finalidades.<\/p>\n\n\n\n<p>Na pr\u00e1tica, o aval dos pol\u00edticos torna os dois per\u00edmetros, que antes pertenciam \u00e0 Zona de Recupera\u00e7\u00e3o Ambiental (ZRA), em Zona de Requalifica\u00e7\u00e3o Urbana (ZRU) 1 &#8211; no caso da \u00e1rea do Presidente Kennedy \u2014 e Zona de Ocupa\u00e7\u00e3o Preferencial (ZOP) 1 \u2014 no caso do terreno no S\u00e3o Gerardo.<\/p>\n\n\n\n<p>A base do prefeito Jos\u00e9 Sarto sofreu v\u00e1rias cr\u00edticas da oposi\u00e7\u00e3o durante a an\u00e1lise e vota\u00e7\u00e3o da mat\u00e9ria no plen\u00e1rio da Casa.<\/p>\n\n\n\n<figure class=\"wp-block-image size-full\"><img loading=\"lazy\" decoding=\"async\" width=\"800\" height=\"533\" src=\"https:\/\/blogdorogeriogomes.com.br\/noticias\/wp-content\/uploads\/2024\/05\/Sessao-plenaria-9.jpg\" alt=\"\" class=\"wp-image-32681\" srcset=\"https:\/\/blogdorogeriogomes.com.br\/noticias\/wp-content\/uploads\/2024\/05\/Sessao-plenaria-9.jpg 800w, https:\/\/blogdorogeriogomes.com.br\/noticias\/wp-content\/uploads\/2024\/05\/Sessao-plenaria-9-300x200.jpg 300w, https:\/\/blogdorogeriogomes.com.br\/noticias\/wp-content\/uploads\/2024\/05\/Sessao-plenaria-9-768x512.jpg 768w\" sizes=\"auto, (max-width: 800px) 100vw, 800px\" \/><\/figure>\n","protected":false},"excerpt":{"rendered":"<p>Os vereadores de Fortaleza aprovaram dois projetos de lei que alteram a classifica\u00e7\u00e3o de \u00e1reas de prote\u00e7\u00e3o ambiental \u00e0s margens do Parque Linear Rachel de Queiroz, nos bairros Presidente Kennedy e S\u00e3o Gerardo. A medida, na pr\u00e1tica, flexibiliza a ocupa\u00e7\u00e3o das \u00e1reas para outras finalidades. Na pr\u00e1tica, o aval dos pol\u00edticos torna os dois per\u00edmetros, que antes pertenciam \u00e0 Zona de Recupera\u00e7\u00e3o Ambiental (ZRA), em Zona de Requalifica\u00e7\u00e3o Urbana (ZRU) 1 &#8211; no caso da \u00e1rea do Presidente Kennedy&hellip;<\/p>\n","protected":false},"author":1,"featured_media":32681,"comment_status":"open","ping_status":"open","sticky":false,"template":"","format":"standard","meta":{"footnotes":""},"categories":[1],"tags":[],"class_list":["post-32680","post","type-post","status-publish","format-standard","has-post-thumbnail","hentry","category-noticias"],"_links":{"self":[{"href":"https:\/\/blogdorogeriogomes.com.br\/noticias\/wp-json\/wp\/v2\/posts\/32680","targetHints":{"allow":["GET"]}}],"collection":[{"href":"https:\/\/blogdorogeriogomes.com.br\/noticias\/wp-json\/wp\/v2\/posts"}],"about":[{"href":"https:\/\/blogdorogeriogomes.com.br\/noticias\/wp-json\/wp\/v2\/types\/post"}],"author":[{"embeddable":true,"href":"https:\/\/blogdorogeriogomes.com.br\/noticias\/wp-json\/wp\/v2\/users\/1"}],"replies":[{"embeddable":true,"href":"https:\/\/blogdorogeriogomes.com.br\/noticias\/wp-json\/wp\/v2\/comments?post=32680"}],"version-history":[{"count":2,"href":"https:\/\/blogdorogeriogomes.com.br\/noticias\/wp-json\/wp\/v2\/posts\/32680\/revisions"}],"predecessor-version":[{"id":32683,"href":"https:\/\/blogdorogeriogomes.com.br\/noticias\/wp-json\/wp\/v2\/posts\/32680\/revisions\/32683"}],"wp:featuredmedia":[{"embeddable":true,"href":"https:\/\/blogdorogeriogomes.com.br\/noticias\/wp-json\/wp\/v2\/media\/32681"}],"wp:attachment":[{"href":"https:\/\/blogdorogeriogomes.com.br\/noticias\/wp-json\/wp\/v2\/media?parent=32680"}],"wp:term":[{"taxonomy":"category","embeddable":true,"href":"https:\/\/blogdorogeriogomes.com.br\/noticias\/wp-json\/wp\/v2\/categories?post=32680"},{"taxonomy":"post_tag","embeddable":true,"href":"https:\/\/blogdorogeriogomes.com.br\/noticias\/wp-json\/wp\/v2\/tags?post=32680"}],"curies":[{"name":"wp","href":"https:\/\/api.w.org\/{rel}","templated":true}]}}