{"id":32684,"date":"2024-05-17T09:34:27","date_gmt":"2024-05-17T09:34:27","guid":{"rendered":"https:\/\/blogdorogeriogomes.com.br\/noticias\/?p=32684"},"modified":"2024-05-17T09:34:28","modified_gmt":"2024-05-17T09:34:28","slug":"assembleia-legislativa-envia-17-toneladas-em-doacoes-para-o-rio-grande-do-sul-nesta-sexta-feira","status":"publish","type":"post","link":"https:\/\/blogdorogeriogomes.com.br\/noticias\/2024\/05\/assembleia-legislativa-envia-17-toneladas-em-doacoes-para-o-rio-grande-do-sul-nesta-sexta-feira\/","title":{"rendered":"Assembleia Legislativa envia 17 toneladas em doa\u00e7\u00f5es para o Rio Grande do Sul nesta sexta-feira"},"content":{"rendered":"\n<p>A Assembleia Legislativa do Estado do Cear\u00e1 (Alece) envia nesta sexta-feira, dia 16 de maio, um caminh\u00e3o com 17 toneladas de donativos para fam\u00edlias desabrigadas no Rio Grande do Sul. A a\u00e7\u00e3o faz parte do Movimento Acolher, que arrecadou doa\u00e7\u00f5es para as v\u00edtimas das enchentes.<\/p>\n\n\n\n<p>A campanha da Alece foi iniciada no dia 8 de maio com o objetivo de arrecadar alimentos, \u00e1gua, ra\u00e7\u00e3o para animais, materiais de higiene e limpeza e roupas para a popula\u00e7\u00e3o ga\u00facha.<\/p>\n\n\n\n<p>A log\u00edstica para levar os donativos ao Rio Grande do Sul foi planejada com envolvimento da Defesa Civil do Cear\u00e1, coordenadoria vinculada ao Corpo de Bombeiros Militar.<\/p>\n\n\n\n<figure class=\"wp-block-image size-full\"><img loading=\"lazy\" decoding=\"async\" width=\"678\" height=\"452\" src=\"https:\/\/blogdorogeriogomes.com.br\/noticias\/wp-content\/uploads\/2024\/05\/images-18.jpeg\" alt=\"\" class=\"wp-image-32685\" srcset=\"https:\/\/blogdorogeriogomes.com.br\/noticias\/wp-content\/uploads\/2024\/05\/images-18.jpeg 678w, https:\/\/blogdorogeriogomes.com.br\/noticias\/wp-content\/uploads\/2024\/05\/images-18-300x200.jpeg 300w\" sizes=\"auto, (max-width: 678px) 100vw, 678px\" \/><\/figure>\n","protected":false},"excerpt":{"rendered":"<p>A Assembleia Legislativa do Estado do Cear\u00e1 (Alece) envia nesta sexta-feira, dia 16 de maio, um caminh\u00e3o com 17 toneladas de donativos para fam\u00edlias desabrigadas no Rio Grande do Sul. A a\u00e7\u00e3o faz parte do Movimento Acolher, que arrecadou doa\u00e7\u00f5es para as v\u00edtimas das enchentes. A campanha da Alece foi iniciada no dia 8 de maio com o objetivo de arrecadar alimentos, \u00e1gua, ra\u00e7\u00e3o para animais, materiais de higiene e limpeza e roupas para a popula\u00e7\u00e3o ga\u00facha. A log\u00edstica&hellip;<\/p>\n","protected":false},"author":1,"featured_media":32685,"comment_status":"open","ping_status":"open","sticky":false,"template":"","format":"standard","meta":{"footnotes":""},"categories":[1],"tags":[],"class_list":["post-32684","post","type-post","status-publish","format-standard","has-post-thumbnail","hentry","category-noticias"],"_links":{"self":[{"href":"https:\/\/blogdorogeriogomes.com.br\/noticias\/wp-json\/wp\/v2\/posts\/32684","targetHints":{"allow":["GET"]}}],"collection":[{"href":"https:\/\/blogdorogeriogomes.com.br\/noticias\/wp-json\/wp\/v2\/posts"}],"about":[{"href":"https:\/\/blogdorogeriogomes.com.br\/noticias\/wp-json\/wp\/v2\/types\/post"}],"author":[{"embeddable":true,"href":"https:\/\/blogdorogeriogomes.com.br\/noticias\/wp-json\/wp\/v2\/users\/1"}],"replies":[{"embeddable":true,"href":"https:\/\/blogdorogeriogomes.com.br\/noticias\/wp-json\/wp\/v2\/comments?post=32684"}],"version-history":[{"count":1,"href":"https:\/\/blogdorogeriogomes.com.br\/noticias\/wp-json\/wp\/v2\/posts\/32684\/revisions"}],"predecessor-version":[{"id":32686,"href":"https:\/\/blogdorogeriogomes.com.br\/noticias\/wp-json\/wp\/v2\/posts\/32684\/revisions\/32686"}],"wp:featuredmedia":[{"embeddable":true,"href":"https:\/\/blogdorogeriogomes.com.br\/noticias\/wp-json\/wp\/v2\/media\/32685"}],"wp:attachment":[{"href":"https:\/\/blogdorogeriogomes.com.br\/noticias\/wp-json\/wp\/v2\/media?parent=32684"}],"wp:term":[{"taxonomy":"category","embeddable":true,"href":"https:\/\/blogdorogeriogomes.com.br\/noticias\/wp-json\/wp\/v2\/categories?post=32684"},{"taxonomy":"post_tag","embeddable":true,"href":"https:\/\/blogdorogeriogomes.com.br\/noticias\/wp-json\/wp\/v2\/tags?post=32684"}],"curies":[{"name":"wp","href":"https:\/\/api.w.org\/{rel}","templated":true}]}}