{"id":32687,"date":"2024-05-17T09:41:10","date_gmt":"2024-05-17T09:41:10","guid":{"rendered":"https:\/\/blogdorogeriogomes.com.br\/noticias\/?p=32687"},"modified":"2024-05-17T09:41:10","modified_gmt":"2024-05-17T09:41:10","slug":"deputados-estaduais-aprovam-reajuste-de-562-para-servidores-do-ministerio-publico-do-ceara-e-novos-cargos-para-defensoria-publica","status":"publish","type":"post","link":"https:\/\/blogdorogeriogomes.com.br\/noticias\/2024\/05\/deputados-estaduais-aprovam-reajuste-de-562-para-servidores-do-ministerio-publico-do-ceara-e-novos-cargos-para-defensoria-publica\/","title":{"rendered":"Deputados estaduais aprovam reajuste de 5,62% para servidores do Minist\u00e9rio P\u00fablico do Cear\u00e1 e novos cargos para Defensoria P\u00fablica"},"content":{"rendered":"\n<p>Os deputados estaduais aprovaram, nesta quinta-feira, dia 16 de maio, 5,62% de reajuste salarial para os servidores do Minist\u00e9rio P\u00fablico do Cear\u00e1 (MPCE), a ser aplicado a partir do dia 1\u00ba de julho.<\/p>\n\n\n\n<p>Pens\u00f5es e proventos de aposentados do \u00f3rg\u00e3o ser\u00e3o revisados no mesmo percentual. A corre\u00e7\u00e3o tamb\u00e9m ser\u00e1 aplicada aos valores das gratifica\u00e7\u00f5es concedidas pelo MPCE.<br><\/p>\n\n\n\n<p>O Parlamento Estadual tamb\u00e9m aprovou dois projetos de lei enviados pela Defensoria P\u00fablica para promover uma reestrutura\u00e7\u00e3o no \u00f3rg\u00e3o, com cria\u00e7\u00e3o cria\u00e7\u00e3o de cargos comissionados, extin\u00e7\u00e3o e transforma\u00e7\u00e3o.<\/p>\n\n\n\n<p>A primeira proposta autoriza a cria\u00e7\u00e3o de 41 cargos comissionados para integrar novas ger\u00eancias administrativas. A segunda transforma 10 cargos de defensor p\u00fablico de Entr\u00e2ncia Inicial em postos de defensor de 2\u00ba Grau.<\/p>\n\n\n\n<figure class=\"wp-block-image size-full\"><img loading=\"lazy\" decoding=\"async\" width=\"418\" height=\"314\" src=\"https:\/\/blogdorogeriogomes.com.br\/noticias\/wp-content\/uploads\/2024\/05\/MPCE.jpg\" alt=\"\" class=\"wp-image-32688\" srcset=\"https:\/\/blogdorogeriogomes.com.br\/noticias\/wp-content\/uploads\/2024\/05\/MPCE.jpg 418w, https:\/\/blogdorogeriogomes.com.br\/noticias\/wp-content\/uploads\/2024\/05\/MPCE-300x225.jpg 300w, https:\/\/blogdorogeriogomes.com.br\/noticias\/wp-content\/uploads\/2024\/05\/MPCE-400x300.jpg 400w\" sizes=\"auto, (max-width: 418px) 100vw, 418px\" \/><\/figure>\n","protected":false},"excerpt":{"rendered":"<p>Os deputados estaduais aprovaram, nesta quinta-feira, dia 16 de maio, 5,62% de reajuste salarial para os servidores do Minist\u00e9rio P\u00fablico do Cear\u00e1 (MPCE), a ser aplicado a partir do dia 1\u00ba de julho. Pens\u00f5es e proventos de aposentados do \u00f3rg\u00e3o ser\u00e3o revisados no mesmo percentual. A corre\u00e7\u00e3o tamb\u00e9m ser\u00e1 aplicada aos valores das gratifica\u00e7\u00f5es concedidas pelo MPCE. O Parlamento Estadual tamb\u00e9m aprovou dois projetos de lei enviados pela Defensoria P\u00fablica para promover uma reestrutura\u00e7\u00e3o no \u00f3rg\u00e3o, com cria\u00e7\u00e3o cria\u00e7\u00e3o&hellip;<\/p>\n","protected":false},"author":1,"featured_media":32688,"comment_status":"open","ping_status":"open","sticky":false,"template":"","format":"standard","meta":{"footnotes":""},"categories":[1],"tags":[],"class_list":["post-32687","post","type-post","status-publish","format-standard","has-post-thumbnail","hentry","category-noticias"],"_links":{"self":[{"href":"https:\/\/blogdorogeriogomes.com.br\/noticias\/wp-json\/wp\/v2\/posts\/32687","targetHints":{"allow":["GET"]}}],"collection":[{"href":"https:\/\/blogdorogeriogomes.com.br\/noticias\/wp-json\/wp\/v2\/posts"}],"about":[{"href":"https:\/\/blogdorogeriogomes.com.br\/noticias\/wp-json\/wp\/v2\/types\/post"}],"author":[{"embeddable":true,"href":"https:\/\/blogdorogeriogomes.com.br\/noticias\/wp-json\/wp\/v2\/users\/1"}],"replies":[{"embeddable":true,"href":"https:\/\/blogdorogeriogomes.com.br\/noticias\/wp-json\/wp\/v2\/comments?post=32687"}],"version-history":[{"count":1,"href":"https:\/\/blogdorogeriogomes.com.br\/noticias\/wp-json\/wp\/v2\/posts\/32687\/revisions"}],"predecessor-version":[{"id":32689,"href":"https:\/\/blogdorogeriogomes.com.br\/noticias\/wp-json\/wp\/v2\/posts\/32687\/revisions\/32689"}],"wp:featuredmedia":[{"embeddable":true,"href":"https:\/\/blogdorogeriogomes.com.br\/noticias\/wp-json\/wp\/v2\/media\/32688"}],"wp:attachment":[{"href":"https:\/\/blogdorogeriogomes.com.br\/noticias\/wp-json\/wp\/v2\/media?parent=32687"}],"wp:term":[{"taxonomy":"category","embeddable":true,"href":"https:\/\/blogdorogeriogomes.com.br\/noticias\/wp-json\/wp\/v2\/categories?post=32687"},{"taxonomy":"post_tag","embeddable":true,"href":"https:\/\/blogdorogeriogomes.com.br\/noticias\/wp-json\/wp\/v2\/tags?post=32687"}],"curies":[{"name":"wp","href":"https:\/\/api.w.org\/{rel}","templated":true}]}}