{"id":32690,"date":"2024-05-17T21:17:57","date_gmt":"2024-05-17T21:17:57","guid":{"rendered":"https:\/\/blogdorogeriogomes.com.br\/noticias\/?p=32690"},"modified":"2024-05-17T21:17:57","modified_gmt":"2024-05-17T21:17:57","slug":"mercado-central-de-fortaleza-vai-passar-por-reforma-ordem-de-servico-foi-assinada-por-jose-sarto","status":"publish","type":"post","link":"https:\/\/blogdorogeriogomes.com.br\/noticias\/2024\/05\/mercado-central-de-fortaleza-vai-passar-por-reforma-ordem-de-servico-foi-assinada-por-jose-sarto\/","title":{"rendered":"Mercado Central de Fortaleza vai passar por reforma. Ordem de servi\u00e7o foi assinada por Jos\u00e9 Sarto"},"content":{"rendered":"\n<p>O Mercado Central de Fortaleza vai passar por melhorias estruturais e de seguran\u00e7a. O prefeito Jos\u00e9 Sarto assinou, nesta sexta-feira, dia 17 de maio, a ordem de servi\u00e7o para a reforma do equipamento. A obra, que ser\u00e1 realizada pela Secretaria Municipal da Gest\u00e3o Regional, ir\u00e1 revitalizar o espa\u00e7o e tamb\u00e9m garantir melhor seguran\u00e7a e funcionalidade para os usu\u00e1rios e os permission\u00e1rios que atuam nos 550 boxes e 70 quiosques do local.<\/p>\n\n\n\n<p>Localizado no Centro de Fortaleza, o Mercado Central \u00e9 o maior mercado de artesanato do Brasil, atraindo um fluxo m\u00e9dio de 4 mil pessoas na baixa esta\u00e7\u00e3o e 6 mil na alta esta\u00e7\u00e3o. Com cinco pavimentos e amplo estacionamento, o equipamento oferece uma ampla variedade de produtos, desde artesanatos a partir de um real at\u00e9 itens em couro, rendas, redes, castanhas, doces, cacha\u00e7as, camisetas, bijuterias e artigos de decora\u00e7\u00e3o.\u00a0<\/p>\n\n\n\n<p>&#8220;N\u00f3s vamos entregar um equipamento moderno, tranquilo e seguro. O ponto fundamental \u00e9 dar um bom mercado para os fortalezenses e, consequentemente, atrair ainda mais turistas e gerar mais renda\u201d, ressaltou Jos\u00e9 Sarto.<\/p>\n\n\n\n<figure class=\"wp-block-image size-full\"><img loading=\"lazy\" decoding=\"async\" width=\"1024\" height=\"683\" src=\"https:\/\/blogdorogeriogomes.com.br\/noticias\/wp-content\/uploads\/2024\/05\/mercado-central-reforma-prefeitura-de-fortaleza-1.jpg\" alt=\"\" class=\"wp-image-32691\" srcset=\"https:\/\/blogdorogeriogomes.com.br\/noticias\/wp-content\/uploads\/2024\/05\/mercado-central-reforma-prefeitura-de-fortaleza-1.jpg 1024w, https:\/\/blogdorogeriogomes.com.br\/noticias\/wp-content\/uploads\/2024\/05\/mercado-central-reforma-prefeitura-de-fortaleza-1-300x200.jpg 300w, https:\/\/blogdorogeriogomes.com.br\/noticias\/wp-content\/uploads\/2024\/05\/mercado-central-reforma-prefeitura-de-fortaleza-1-768x512.jpg 768w, https:\/\/blogdorogeriogomes.com.br\/noticias\/wp-content\/uploads\/2024\/05\/mercado-central-reforma-prefeitura-de-fortaleza-1-800x534.jpg 800w\" sizes=\"auto, (max-width: 1024px) 100vw, 1024px\" \/><\/figure>\n","protected":false},"excerpt":{"rendered":"<p>O Mercado Central de Fortaleza vai passar por melhorias estruturais e de seguran\u00e7a. O prefeito Jos\u00e9 Sarto assinou, nesta sexta-feira, dia 17 de maio, a ordem de servi\u00e7o para a reforma do equipamento. A obra, que ser\u00e1 realizada pela Secretaria Municipal da Gest\u00e3o Regional, ir\u00e1 revitalizar o espa\u00e7o e tamb\u00e9m garantir melhor seguran\u00e7a e funcionalidade para os usu\u00e1rios e os permission\u00e1rios que atuam nos 550 boxes e 70 quiosques do local. Localizado no Centro de Fortaleza, o Mercado Central&hellip;<\/p>\n","protected":false},"author":1,"featured_media":32691,"comment_status":"open","ping_status":"open","sticky":false,"template":"","format":"standard","meta":{"footnotes":""},"categories":[1],"tags":[],"class_list":["post-32690","post","type-post","status-publish","format-standard","has-post-thumbnail","hentry","category-noticias"],"_links":{"self":[{"href":"https:\/\/blogdorogeriogomes.com.br\/noticias\/wp-json\/wp\/v2\/posts\/32690","targetHints":{"allow":["GET"]}}],"collection":[{"href":"https:\/\/blogdorogeriogomes.com.br\/noticias\/wp-json\/wp\/v2\/posts"}],"about":[{"href":"https:\/\/blogdorogeriogomes.com.br\/noticias\/wp-json\/wp\/v2\/types\/post"}],"author":[{"embeddable":true,"href":"https:\/\/blogdorogeriogomes.com.br\/noticias\/wp-json\/wp\/v2\/users\/1"}],"replies":[{"embeddable":true,"href":"https:\/\/blogdorogeriogomes.com.br\/noticias\/wp-json\/wp\/v2\/comments?post=32690"}],"version-history":[{"count":1,"href":"https:\/\/blogdorogeriogomes.com.br\/noticias\/wp-json\/wp\/v2\/posts\/32690\/revisions"}],"predecessor-version":[{"id":32692,"href":"https:\/\/blogdorogeriogomes.com.br\/noticias\/wp-json\/wp\/v2\/posts\/32690\/revisions\/32692"}],"wp:featuredmedia":[{"embeddable":true,"href":"https:\/\/blogdorogeriogomes.com.br\/noticias\/wp-json\/wp\/v2\/media\/32691"}],"wp:attachment":[{"href":"https:\/\/blogdorogeriogomes.com.br\/noticias\/wp-json\/wp\/v2\/media?parent=32690"}],"wp:term":[{"taxonomy":"category","embeddable":true,"href":"https:\/\/blogdorogeriogomes.com.br\/noticias\/wp-json\/wp\/v2\/categories?post=32690"},{"taxonomy":"post_tag","embeddable":true,"href":"https:\/\/blogdorogeriogomes.com.br\/noticias\/wp-json\/wp\/v2\/tags?post=32690"}],"curies":[{"name":"wp","href":"https:\/\/api.w.org\/{rel}","templated":true}]}}