{"id":32694,"date":"2024-05-20T10:41:43","date_gmt":"2024-05-20T10:41:43","guid":{"rendered":"https:\/\/blogdorogeriogomes.com.br\/noticias\/?p=32694"},"modified":"2024-05-20T10:41:43","modified_gmt":"2024-05-20T10:41:43","slug":"prefeito-jose-sarto-cancela-show-da-dupla-victor-e-leo-no-sao-joao-de-fortaleza","status":"publish","type":"post","link":"https:\/\/blogdorogeriogomes.com.br\/noticias\/2024\/05\/prefeito-jose-sarto-cancela-show-da-dupla-victor-e-leo-no-sao-joao-de-fortaleza\/","title":{"rendered":"Prefeito Jos\u00e9 Sarto cancela show da dupla Victor e Leo no S\u00e3o Jo\u00e3o de Fortaleza"},"content":{"rendered":"\n<p>O prefeito Jos\u00e9 Sarto decidiu cancelar o show da dupla sertaneja Victor e Leo no S\u00e3o Jo\u00e3o de Fortaleza 2024. A dupla havia sido anunciada como uma das atra\u00e7\u00f5es das festividades juninas deste ano. No entanto, a escolha foi alvo de cr\u00edticas porque Victor Chaves j\u00e1 foi condenado por agress\u00e3o \u00e0 mulher.<\/p>\n\n\n\n<p>&#8220;Determinei a substitui\u00e7\u00e3o da dupla Victor e Leo em nosso S\u00e3o Jo\u00e3o. Mesmo que os cach\u00eas dos artistas sejam pagos por patrocinadores, trata-se de um evento p\u00fablico, e cabe \u00e0 prefeitura essa decis\u00e3o&#8221;, publicou o prefeito. Ele disse que a programa\u00e7\u00e3o completa atualizada ser\u00e1 divulgada posteriormente.<\/p>\n\n\n\n<p><br>Vereadores de Fortaleza j\u00e1 haviam exigido que a prefeitura cancelasse o show do sertanejo Victor Chaves, condenado por agredir a mulher em 2019. Os parlamentares da capital cearense desaprovaram a contrata\u00e7\u00e3o dele. Victor foi condenado em primeira inst\u00e2ncia na acusa\u00e7\u00e3o de agress\u00e3o contra a mulher dele, em Belo Horizonte.<\/p>\n\n\n\n<figure class=\"wp-block-image size-full\"><img loading=\"lazy\" decoding=\"async\" width=\"540\" height=\"304\" src=\"https:\/\/blogdorogeriogomes.com.br\/noticias\/wp-content\/uploads\/2024\/05\/dsc1626.jpg\" alt=\"\" class=\"wp-image-32695\" srcset=\"https:\/\/blogdorogeriogomes.com.br\/noticias\/wp-content\/uploads\/2024\/05\/dsc1626.jpg 540w, https:\/\/blogdorogeriogomes.com.br\/noticias\/wp-content\/uploads\/2024\/05\/dsc1626-300x169.jpg 300w\" sizes=\"auto, (max-width: 540px) 100vw, 540px\" \/><\/figure>\n","protected":false},"excerpt":{"rendered":"<p>O prefeito Jos\u00e9 Sarto decidiu cancelar o show da dupla sertaneja Victor e Leo no S\u00e3o Jo\u00e3o de Fortaleza 2024. A dupla havia sido anunciada como uma das atra\u00e7\u00f5es das festividades juninas deste ano. No entanto, a escolha foi alvo de cr\u00edticas porque Victor Chaves j\u00e1 foi condenado por agress\u00e3o \u00e0 mulher. &#8220;Determinei a substitui\u00e7\u00e3o da dupla Victor e Leo em nosso S\u00e3o Jo\u00e3o. Mesmo que os cach\u00eas dos artistas sejam pagos por patrocinadores, trata-se de um evento p\u00fablico,&hellip;<\/p>\n","protected":false},"author":1,"featured_media":32695,"comment_status":"open","ping_status":"open","sticky":false,"template":"","format":"standard","meta":{"footnotes":""},"categories":[1],"tags":[],"class_list":["post-32694","post","type-post","status-publish","format-standard","has-post-thumbnail","hentry","category-noticias"],"_links":{"self":[{"href":"https:\/\/blogdorogeriogomes.com.br\/noticias\/wp-json\/wp\/v2\/posts\/32694","targetHints":{"allow":["GET"]}}],"collection":[{"href":"https:\/\/blogdorogeriogomes.com.br\/noticias\/wp-json\/wp\/v2\/posts"}],"about":[{"href":"https:\/\/blogdorogeriogomes.com.br\/noticias\/wp-json\/wp\/v2\/types\/post"}],"author":[{"embeddable":true,"href":"https:\/\/blogdorogeriogomes.com.br\/noticias\/wp-json\/wp\/v2\/users\/1"}],"replies":[{"embeddable":true,"href":"https:\/\/blogdorogeriogomes.com.br\/noticias\/wp-json\/wp\/v2\/comments?post=32694"}],"version-history":[{"count":1,"href":"https:\/\/blogdorogeriogomes.com.br\/noticias\/wp-json\/wp\/v2\/posts\/32694\/revisions"}],"predecessor-version":[{"id":32696,"href":"https:\/\/blogdorogeriogomes.com.br\/noticias\/wp-json\/wp\/v2\/posts\/32694\/revisions\/32696"}],"wp:featuredmedia":[{"embeddable":true,"href":"https:\/\/blogdorogeriogomes.com.br\/noticias\/wp-json\/wp\/v2\/media\/32695"}],"wp:attachment":[{"href":"https:\/\/blogdorogeriogomes.com.br\/noticias\/wp-json\/wp\/v2\/media?parent=32694"}],"wp:term":[{"taxonomy":"category","embeddable":true,"href":"https:\/\/blogdorogeriogomes.com.br\/noticias\/wp-json\/wp\/v2\/categories?post=32694"},{"taxonomy":"post_tag","embeddable":true,"href":"https:\/\/blogdorogeriogomes.com.br\/noticias\/wp-json\/wp\/v2\/tags?post=32694"}],"curies":[{"name":"wp","href":"https:\/\/api.w.org\/{rel}","templated":true}]}}