{"id":32697,"date":"2024-05-20T10:49:38","date_gmt":"2024-05-20T10:49:38","guid":{"rendered":"https:\/\/blogdorogeriogomes.com.br\/noticias\/?p=32697"},"modified":"2024-05-20T10:49:39","modified_gmt":"2024-05-20T10:49:39","slug":"camara-municipal-de-fortaleza-promove-forum-de-direito-eleitoral-na-proxima-sexta-feira","status":"publish","type":"post","link":"https:\/\/blogdorogeriogomes.com.br\/noticias\/2024\/05\/camara-municipal-de-fortaleza-promove-forum-de-direito-eleitoral-na-proxima-sexta-feira\/","title":{"rendered":"C\u00e2mara Municipal de Fortaleza promove F\u00f3rum de Direito Eleitoral na pr\u00f3xima sexta-feira"},"content":{"rendered":"\n<p>A C\u00e2mara Municipal de Fortaleza promove, na pr\u00f3xima sexta-feira, dia 24 de maio, o F\u00f3rum Municipal de Direito Eleitoral de Fortaleza. O evento ocorrer\u00e1 no Hotel Gran Mareiro, na Praia do Futuro, e contar\u00e1 com a presen\u00e7a de dois ministros do Tribunal Superior Eleitoral (TSE), al\u00e9m de tr\u00eas advogados especialistas na tem\u00e1tica. O foco da discuss\u00e3o ser\u00e1 o uso da Intelig\u00eancia Artificial e outras tecnologias no processo eleitoral, como forma de fortalecer a Democracia.<\/p>\n\n\n\n<p>A iniciativa, realizada por meio da Escola do Parlamento, com organiza\u00e7\u00e3o da Editora F\u00d3RUM, tem como objetivo atender \u00e0s necessidades dos servidores, parlamentares e cidad\u00e3os interessados na pauta, sendo o curso gratuito e aberto ao p\u00fablico.<\/p>\n\n\n\n<p>Na ocasi\u00e3o, o ministro Andr\u00e9 Ramos Tavares discutir\u00e1 o Direito Eleitoral \u00e0 luz do Novo C\u00f3digo de Processo Civil, enquanto a ministra Edilene Lobo abordar\u00e1 a atua\u00e7\u00e3o estrat\u00e9gica do TSE no processo eleitoral, ante as d\u00favidas sobre o impacto das ferramentas digitais nas elei\u00e7\u00f5es.<\/p>\n\n\n\n<p>J\u00e1 as demais palestras da programa\u00e7\u00e3o, que ser\u00e1 dividida entre os turnos da manh\u00e3 e tarde, ser\u00e3o ministradas pelos advogados Luna van Brussel Barroso, doutoranda em Direito Constitucional; Caio Silva Guimar\u00e3es, servidor p\u00fablico efetivo do Tribunal Regional Eleitoral do Cear\u00e1 (TRE-CE); e Marcos Ehrhardt Jr., doutor em Direito, que contribuir\u00e3o para o aperfei\u00e7oamento e conhecimento dos profissionais presentes no evento.<\/p>\n\n\n\n<figure class=\"wp-block-image size-large\"><img loading=\"lazy\" decoding=\"async\" width=\"1024\" height=\"601\" src=\"https:\/\/blogdorogeriogomes.com.br\/noticias\/wp-content\/uploads\/2024\/05\/14-03-2023-Votacao-ACCS-4-1024x601.jpg\" alt=\"\" class=\"wp-image-32698\" srcset=\"https:\/\/blogdorogeriogomes.com.br\/noticias\/wp-content\/uploads\/2024\/05\/14-03-2023-Votacao-ACCS-4-1024x601.jpg 1024w, https:\/\/blogdorogeriogomes.com.br\/noticias\/wp-content\/uploads\/2024\/05\/14-03-2023-Votacao-ACCS-4-300x176.jpg 300w, https:\/\/blogdorogeriogomes.com.br\/noticias\/wp-content\/uploads\/2024\/05\/14-03-2023-Votacao-ACCS-4-768x451.jpg 768w, https:\/\/blogdorogeriogomes.com.br\/noticias\/wp-content\/uploads\/2024\/05\/14-03-2023-Votacao-ACCS-4-1536x902.jpg 1536w, https:\/\/blogdorogeriogomes.com.br\/noticias\/wp-content\/uploads\/2024\/05\/14-03-2023-Votacao-ACCS-4-800x470.jpg 800w, https:\/\/blogdorogeriogomes.com.br\/noticias\/wp-content\/uploads\/2024\/05\/14-03-2023-Votacao-ACCS-4.jpg 1599w\" sizes=\"auto, (max-width: 1024px) 100vw, 1024px\" \/><\/figure>\n","protected":false},"excerpt":{"rendered":"<p>A C\u00e2mara Municipal de Fortaleza promove, na pr\u00f3xima sexta-feira, dia 24 de maio, o F\u00f3rum Municipal de Direito Eleitoral de Fortaleza. O evento ocorrer\u00e1 no Hotel Gran Mareiro, na Praia do Futuro, e contar\u00e1 com a presen\u00e7a de dois ministros do Tribunal Superior Eleitoral (TSE), al\u00e9m de tr\u00eas advogados especialistas na tem\u00e1tica. O foco da discuss\u00e3o ser\u00e1 o uso da Intelig\u00eancia Artificial e outras tecnologias no processo eleitoral, como forma de fortalecer a Democracia. A iniciativa, realizada por meio&hellip;<\/p>\n","protected":false},"author":1,"featured_media":32698,"comment_status":"open","ping_status":"open","sticky":false,"template":"","format":"standard","meta":{"footnotes":""},"categories":[1],"tags":[],"class_list":["post-32697","post","type-post","status-publish","format-standard","has-post-thumbnail","hentry","category-noticias"],"_links":{"self":[{"href":"https:\/\/blogdorogeriogomes.com.br\/noticias\/wp-json\/wp\/v2\/posts\/32697","targetHints":{"allow":["GET"]}}],"collection":[{"href":"https:\/\/blogdorogeriogomes.com.br\/noticias\/wp-json\/wp\/v2\/posts"}],"about":[{"href":"https:\/\/blogdorogeriogomes.com.br\/noticias\/wp-json\/wp\/v2\/types\/post"}],"author":[{"embeddable":true,"href":"https:\/\/blogdorogeriogomes.com.br\/noticias\/wp-json\/wp\/v2\/users\/1"}],"replies":[{"embeddable":true,"href":"https:\/\/blogdorogeriogomes.com.br\/noticias\/wp-json\/wp\/v2\/comments?post=32697"}],"version-history":[{"count":1,"href":"https:\/\/blogdorogeriogomes.com.br\/noticias\/wp-json\/wp\/v2\/posts\/32697\/revisions"}],"predecessor-version":[{"id":32699,"href":"https:\/\/blogdorogeriogomes.com.br\/noticias\/wp-json\/wp\/v2\/posts\/32697\/revisions\/32699"}],"wp:featuredmedia":[{"embeddable":true,"href":"https:\/\/blogdorogeriogomes.com.br\/noticias\/wp-json\/wp\/v2\/media\/32698"}],"wp:attachment":[{"href":"https:\/\/blogdorogeriogomes.com.br\/noticias\/wp-json\/wp\/v2\/media?parent=32697"}],"wp:term":[{"taxonomy":"category","embeddable":true,"href":"https:\/\/blogdorogeriogomes.com.br\/noticias\/wp-json\/wp\/v2\/categories?post=32697"},{"taxonomy":"post_tag","embeddable":true,"href":"https:\/\/blogdorogeriogomes.com.br\/noticias\/wp-json\/wp\/v2\/tags?post=32697"}],"curies":[{"name":"wp","href":"https:\/\/api.w.org\/{rel}","templated":true}]}}