{"id":32700,"date":"2024-05-20T10:57:49","date_gmt":"2024-05-20T10:57:49","guid":{"rendered":"https:\/\/blogdorogeriogomes.com.br\/noticias\/?p=32700"},"modified":"2024-05-20T10:57:50","modified_gmt":"2024-05-20T10:57:50","slug":"ebrahim-raisi-presidente-do-ira-morre-em-queda-de-helicoptero","status":"publish","type":"post","link":"https:\/\/blogdorogeriogomes.com.br\/noticias\/2024\/05\/ebrahim-raisi-presidente-do-ira-morre-em-queda-de-helicoptero\/","title":{"rendered":"Ebrahim Raisi, presidente do Ir\u00e3, morre em queda de helic\u00f3ptero"},"content":{"rendered":"\n<p>O presidente iraniano, Ebrahim Raisi, morreu aos 63 anos na queda de um helic\u00f3ptero, confirmou o Minist\u00e9rio das Rela\u00e7\u00f5es Exteriores do Ir\u00e3 nesta segunda-feira, dia 20 de maio. Raisi, que foi eleito em 2021 e tinha mandato at\u00e9 2025, era a 2\u00aa pessoa mais importante do Ir\u00e3, atr\u00e1s apenas do aiatol\u00e1 Ali Khamanei, l\u00edder supremo do Ir\u00e3 e de quem o atual presidente era um protegido e poss\u00edvel sucessor. A morte de Raisi deve disparar uma disputa feroz pelo cargo.<br>Segundo a imprensa oficial iraniana, o helic\u00f3ptero caiu numa regi\u00e3o montanhosa do Ir\u00e3 em raz\u00e3o das m\u00e1s condi\u00e7\u00f5es clim\u00e1ticas durante um voo que trazia Raisi e outras autoridades do Azerbaij\u00e3o. Al\u00e9m de Raisi, a queda matou o chanceler do Ir\u00e3, Hossein Amirabdollahian. Primeiro vice-presidente deve assumir e convocar elei\u00e7\u00f5es em at\u00e9 50 dias.<\/p>\n\n\n\n<figure class=\"wp-block-image size-full\"><img loading=\"lazy\" decoding=\"async\" width=\"540\" height=\"304\" src=\"https:\/\/blogdorogeriogomes.com.br\/noticias\/wp-content\/uploads\/2024\/05\/000-34t43kz.jpg\" alt=\"\" class=\"wp-image-32701\" srcset=\"https:\/\/blogdorogeriogomes.com.br\/noticias\/wp-content\/uploads\/2024\/05\/000-34t43kz.jpg 540w, https:\/\/blogdorogeriogomes.com.br\/noticias\/wp-content\/uploads\/2024\/05\/000-34t43kz-300x169.jpg 300w\" sizes=\"auto, (max-width: 540px) 100vw, 540px\" \/><\/figure>\n","protected":false},"excerpt":{"rendered":"<p>O presidente iraniano, Ebrahim Raisi, morreu aos 63 anos na queda de um helic\u00f3ptero, confirmou o Minist\u00e9rio das Rela\u00e7\u00f5es Exteriores do Ir\u00e3 nesta segunda-feira, dia 20 de maio. Raisi, que foi eleito em 2021 e tinha mandato at\u00e9 2025, era a 2\u00aa pessoa mais importante do Ir\u00e3, atr\u00e1s apenas do aiatol\u00e1 Ali Khamanei, l\u00edder supremo do Ir\u00e3 e de quem o atual presidente era um protegido e poss\u00edvel sucessor. A morte de Raisi deve disparar uma disputa feroz pelo&hellip;<\/p>\n","protected":false},"author":1,"featured_media":32701,"comment_status":"open","ping_status":"open","sticky":false,"template":"","format":"standard","meta":{"footnotes":""},"categories":[1],"tags":[],"class_list":["post-32700","post","type-post","status-publish","format-standard","has-post-thumbnail","hentry","category-noticias"],"_links":{"self":[{"href":"https:\/\/blogdorogeriogomes.com.br\/noticias\/wp-json\/wp\/v2\/posts\/32700","targetHints":{"allow":["GET"]}}],"collection":[{"href":"https:\/\/blogdorogeriogomes.com.br\/noticias\/wp-json\/wp\/v2\/posts"}],"about":[{"href":"https:\/\/blogdorogeriogomes.com.br\/noticias\/wp-json\/wp\/v2\/types\/post"}],"author":[{"embeddable":true,"href":"https:\/\/blogdorogeriogomes.com.br\/noticias\/wp-json\/wp\/v2\/users\/1"}],"replies":[{"embeddable":true,"href":"https:\/\/blogdorogeriogomes.com.br\/noticias\/wp-json\/wp\/v2\/comments?post=32700"}],"version-history":[{"count":1,"href":"https:\/\/blogdorogeriogomes.com.br\/noticias\/wp-json\/wp\/v2\/posts\/32700\/revisions"}],"predecessor-version":[{"id":32702,"href":"https:\/\/blogdorogeriogomes.com.br\/noticias\/wp-json\/wp\/v2\/posts\/32700\/revisions\/32702"}],"wp:featuredmedia":[{"embeddable":true,"href":"https:\/\/blogdorogeriogomes.com.br\/noticias\/wp-json\/wp\/v2\/media\/32701"}],"wp:attachment":[{"href":"https:\/\/blogdorogeriogomes.com.br\/noticias\/wp-json\/wp\/v2\/media?parent=32700"}],"wp:term":[{"taxonomy":"category","embeddable":true,"href":"https:\/\/blogdorogeriogomes.com.br\/noticias\/wp-json\/wp\/v2\/categories?post=32700"},{"taxonomy":"post_tag","embeddable":true,"href":"https:\/\/blogdorogeriogomes.com.br\/noticias\/wp-json\/wp\/v2\/tags?post=32700"}],"curies":[{"name":"wp","href":"https:\/\/api.w.org\/{rel}","templated":true}]}}